{"id":17175,"date":"2019-04-02T15:59:37","date_gmt":"2019-04-02T13:59:37","guid":{"rendered":"http:\/\/euwps02.tecnavia.com\/ilmercoledi\/news\/?p=17175"},"modified":"2019-04-02T15:59:40","modified_gmt":"2019-04-02T13:59:40","slug":"pecetto-mostra-fotografica-ai-batu","status":"publish","type":"post","link":"https:\/\/www.ilmercoledi.news\/2019\/04\/02\/pecetto-mostra-fotografica-ai-batu\/","title":{"rendered":"PECETTO &#8211; Mostra fotografica ai Bat\u00f9"},"content":{"rendered":"<p>PECETTO &#8211; Sabato 6 aprile 2019 alle ore 18 nella chiesa dei Bat\u00f9 di Pecetto Torinese, inaugurazione della mostra &#8220;FAME DI LAVORO. Storie gastronomiche operaie\u201d, una mostra fotografica che racconta, attraverso il cibo, il lavoro in fabbrica e le profonde trasformazioni della societ\u00e0 nella nostra storia recente. L\u2019allestimento \u00e8 ideato e realizzato dall&#8217;Universit\u00e0 di Pollenzo insieme all&#8217;Associazione Culturale Kores. La mostra sar\u00e0 aperta dal 6 al 19 aprile nei seguenti giorni e orari: venerd\u00ec e sabato ore 15\/19<br \/>\ndomenica ore 10\/12 e 15\/19.<\/p>\n","protected":false},"excerpt":{"rendered":"","protected":false},"author":10,"featured_media":17177,"comment_status":"open","ping_status":"closed","sticky":false,"template":"","format":"standard","meta":[],"categories":[34,9],"tags":[],"news-destination":[],"news-source":[],"is_homepage":[],"ta_other":[],"_links":{"self":[{"href":"https:\/\/www.ilmercoledi.news\/ilmercoledi\/news\/wp-json\/wp\/v2\/posts\/17175"}],"collection":[{"href":"https:\/\/www.ilmercoledi.news\/ilmercoledi\/news\/wp-json\/wp\/v2\/posts"}],"about":[{"href":"https:\/\/www.ilmercoledi.news\/ilmercoledi\/news\/wp-json\/wp\/v2\/types\/post"}],"author":[{"embeddable":true,"href":"https:\/\/www.ilmercoledi.news\/ilmercoledi\/news\/wp-json\/wp\/v2\/users\/10"}],"replies":[{"embeddable":true,"href":"https:\/\/www.ilmercoledi.news\/ilmercoledi\/news\/wp-json\/wp\/v2\/comments?post=17175"}],"version-history":[{"count":1,"href":"https:\/\/www.ilmercoledi.news\/ilmercoledi\/news\/wp-json\/wp\/v2\/posts\/17175\/revisions"}],"predecessor-version":[{"id":17178,"href":"https:\/\/www.ilmercoledi.news\/ilmercoledi\/news\/wp-json\/wp\/v2\/posts\/17175\/revisions\/17178"}],"wp:featuredmedia":[{"embeddable":true,"href":"https:\/\/www.ilmercoledi.news\/ilmercoledi\/news\/wp-json\/wp\/v2\/media\/17177"}],"wp:attachment":[{"href":"https:\/\/www.ilmercoledi.news\/ilmercoledi\/news\/wp-json\/wp\/v2\/media?parent=17175"}],"wp:term":[{"taxonomy":"category","embeddable":true,"href":"https:\/\/www.ilmercoledi.news\/ilmercoledi\/news\/wp-json\/wp\/v2\/categories?post=17175"},{"taxonomy":"post_tag","embeddable":true,"href":"https:\/\/www.ilmercoledi.news\/ilmercoledi\/news\/wp-json\/wp\/v2\/tags?post=17175"},{"taxonomy":"news-destination","embeddable":true,"href":"https:\/\/www.ilmercoledi.news\/ilmercoledi\/news\/wp-json\/wp\/v2\/news-destination?post=17175"},{"taxonomy":"news-source","embeddable":true,"href":"https:\/\/www.ilmercoledi.news\/ilmercoledi\/news\/wp-json\/wp\/v2\/news-source?post=17175"},{"taxonomy":"is_homepage","embeddable":true,"href":"https:\/\/www.ilmercoledi.news\/ilmercoledi\/news\/wp-json\/wp\/v2\/is_homepage?post=17175"},{"taxonomy":"ta_other","embeddable":true,"href":"https:\/\/www.ilmercoledi.news\/ilmercoledi\/news\/wp-json\/wp\/v2\/ta_other?post=17175"}],"curies":[{"name":"wp","href":"https:\/\/api.w.org\/{rel}","templated":true}]}}