{"id":17330,"date":"2019-04-06T15:32:25","date_gmt":"2019-04-06T13:32:25","guid":{"rendered":"http:\/\/euwps02.tecnavia.com\/ilmercoledi\/news\/?p=17330"},"modified":"2019-04-07T00:21:47","modified_gmt":"2019-04-06T22:21:47","slug":"santena-busta-di-minacce-da-caffe-vergnano","status":"publish","type":"post","link":"https:\/\/www.ilmercoledi.news\/2019\/04\/06\/santena-busta-di-minacce-da-caffe-vergnano\/","title":{"rendered":"SANTENA &#8211; Busta di minacce da Caff\u00e8 Vergnano"},"content":{"rendered":"<p>Una busta piena di minacce proveniente dal Belgio \u00e8 stata recapitata nella sede direzionale di Caff\u00e8 Vergnano, a Santena. Nella lettera, scritta in inglese &#8211; con un messaggio di minacce con della polvere che non \u00e8 risultata essere n\u00e9 radioattiva n\u00e9 dannosa se inalata, si chiedevano soldi per evitare di arrecare danni al caff\u00e8.\u00a0La busta \u00e8 stata recapitata gioved\u00ec 4 aprile, anticipando un fatto simile accaduto anche alla Lavazza di Torino. Nessuno, da Vergnano, \u00e8 entrato in contatto con la busta per il filtro applicato nella ricezione della posta. Le indagini sono in corso per risalire agli autori.<\/p>\n","protected":false},"excerpt":{"rendered":"","protected":false},"author":11,"featured_media":17331,"comment_status":"open","ping_status":"closed","sticky":false,"template":"","format":"standard","meta":[],"categories":[34],"tags":[],"news-destination":[],"news-source":[],"is_homepage":[],"ta_other":[],"_links":{"self":[{"href":"https:\/\/www.ilmercoledi.news\/ilmercoledi\/news\/wp-json\/wp\/v2\/posts\/17330"}],"collection":[{"href":"https:\/\/www.ilmercoledi.news\/ilmercoledi\/news\/wp-json\/wp\/v2\/posts"}],"about":[{"href":"https:\/\/www.ilmercoledi.news\/ilmercoledi\/news\/wp-json\/wp\/v2\/types\/post"}],"author":[{"embeddable":true,"href":"https:\/\/www.ilmercoledi.news\/ilmercoledi\/news\/wp-json\/wp\/v2\/users\/11"}],"replies":[{"embeddable":true,"href":"https:\/\/www.ilmercoledi.news\/ilmercoledi\/news\/wp-json\/wp\/v2\/comments?post=17330"}],"version-history":[{"count":1,"href":"https:\/\/www.ilmercoledi.news\/ilmercoledi\/news\/wp-json\/wp\/v2\/posts\/17330\/revisions"}],"predecessor-version":[{"id":17332,"href":"https:\/\/www.ilmercoledi.news\/ilmercoledi\/news\/wp-json\/wp\/v2\/posts\/17330\/revisions\/17332"}],"wp:featuredmedia":[{"embeddable":true,"href":"https:\/\/www.ilmercoledi.news\/ilmercoledi\/news\/wp-json\/wp\/v2\/media\/17331"}],"wp:attachment":[{"href":"https:\/\/www.ilmercoledi.news\/ilmercoledi\/news\/wp-json\/wp\/v2\/media?parent=17330"}],"wp:term":[{"taxonomy":"category","embeddable":true,"href":"https:\/\/www.ilmercoledi.news\/ilmercoledi\/news\/wp-json\/wp\/v2\/categories?post=17330"},{"taxonomy":"post_tag","embeddable":true,"href":"https:\/\/www.ilmercoledi.news\/ilmercoledi\/news\/wp-json\/wp\/v2\/tags?post=17330"},{"taxonomy":"news-destination","embeddable":true,"href":"https:\/\/www.ilmercoledi.news\/ilmercoledi\/news\/wp-json\/wp\/v2\/news-destination?post=17330"},{"taxonomy":"news-source","embeddable":true,"href":"https:\/\/www.ilmercoledi.news\/ilmercoledi\/news\/wp-json\/wp\/v2\/news-source?post=17330"},{"taxonomy":"is_homepage","embeddable":true,"href":"https:\/\/www.ilmercoledi.news\/ilmercoledi\/news\/wp-json\/wp\/v2\/is_homepage?post=17330"},{"taxonomy":"ta_other","embeddable":true,"href":"https:\/\/www.ilmercoledi.news\/ilmercoledi\/news\/wp-json\/wp\/v2\/ta_other?post=17330"}],"curies":[{"name":"wp","href":"https:\/\/api.w.org\/{rel}","templated":true}]}}