{"id":17386,"date":"2019-04-09T07:21:09","date_gmt":"2019-04-09T05:21:09","guid":{"rendered":"http:\/\/euwps02.tecnavia.com\/ilmercoledi\/news\/?p=17386"},"modified":"2019-04-09T07:21:13","modified_gmt":"2019-04-09T05:21:13","slug":"moncalieri-venerdi-il-convegno-sullambiente-al-castello","status":"publish","type":"post","link":"https:\/\/www.ilmercoledi.news\/2019\/04\/09\/moncalieri-venerdi-il-convegno-sullambiente-al-castello\/","title":{"rendered":"MONCALIERI &#8211; Venerd\u00ec il convegno sull&#8217;ambiente al Castello"},"content":{"rendered":"<p>Venerd\u00ec 12 aprile \u00e8 il giorno della quarta conferenza Internazionale su Parchi e Giardini storici, al Castello Reale di Moncalieri-Sala della Regina &#8211; dalle ore 9.30 alle 19.\u00a0La manifestazione si colloca in un ampio programma promosso dal Comune con il contributo della Compagnia di San Paolo per promuovere\u00a0 l\u2019immagine di Moncalieri citt\u00e0 nel verde\u00a0 valorizzando i percorsi della collina, i giardini e le antiche vigne che ne impreziosiscono il panorama, le piste ciclabili, i sentieri e il parco del castello. Il Sindaco Paolo Montagna afferma che \u201cSono\u00a0 tante ormai le iniziative della Citt\u00e0 dedicate a arte e storia, tradizioni e natura, valori paesaggistici e panoramici che offrono occasioni per vivere Moncalieri, scoprirne e riscoprirne ancora il genius loci, l\u2019anima ricca di storia e di storie\u201d. L\u2019 Assessore alla Cultura e al Turismo Laura Pompeo ha fortemente voluto e istituito l\u2019iniziativa e dichiara che \u201cDopo il successo delle passate edizioni, Moncalieri continua a confrontarsi con le pi\u00f9 importanti esperienze in materia di verde storico a livello nazionale e internazionale, offrendo agli addetti ai lavori, e non solo, una rilevante opportunit\u00e0 di riflessione tecnica e scientifica. Il nostro sta diventando un appuntamento riconosciuto su vasta scala e sempre pi\u00f9 apprezzato su un tema oggi anche particolarmente \u201calla moda\u201d.<\/p>\n","protected":false},"excerpt":{"rendered":"","protected":false},"author":11,"featured_media":7318,"comment_status":"open","ping_status":"closed","sticky":false,"template":"","format":"standard","meta":[],"categories":[34],"tags":[],"news-destination":[],"news-source":[],"is_homepage":[],"ta_other":[],"_links":{"self":[{"href":"https:\/\/www.ilmercoledi.news\/ilmercoledi\/news\/wp-json\/wp\/v2\/posts\/17386"}],"collection":[{"href":"https:\/\/www.ilmercoledi.news\/ilmercoledi\/news\/wp-json\/wp\/v2\/posts"}],"about":[{"href":"https:\/\/www.ilmercoledi.news\/ilmercoledi\/news\/wp-json\/wp\/v2\/types\/post"}],"author":[{"embeddable":true,"href":"https:\/\/www.ilmercoledi.news\/ilmercoledi\/news\/wp-json\/wp\/v2\/users\/11"}],"replies":[{"embeddable":true,"href":"https:\/\/www.ilmercoledi.news\/ilmercoledi\/news\/wp-json\/wp\/v2\/comments?post=17386"}],"version-history":[{"count":1,"href":"https:\/\/www.ilmercoledi.news\/ilmercoledi\/news\/wp-json\/wp\/v2\/posts\/17386\/revisions"}],"predecessor-version":[{"id":17387,"href":"https:\/\/www.ilmercoledi.news\/ilmercoledi\/news\/wp-json\/wp\/v2\/posts\/17386\/revisions\/17387"}],"wp:featuredmedia":[{"embeddable":true,"href":"https:\/\/www.ilmercoledi.news\/ilmercoledi\/news\/wp-json\/wp\/v2\/media\/7318"}],"wp:attachment":[{"href":"https:\/\/www.ilmercoledi.news\/ilmercoledi\/news\/wp-json\/wp\/v2\/media?parent=17386"}],"wp:term":[{"taxonomy":"category","embeddable":true,"href":"https:\/\/www.ilmercoledi.news\/ilmercoledi\/news\/wp-json\/wp\/v2\/categories?post=17386"},{"taxonomy":"post_tag","embeddable":true,"href":"https:\/\/www.ilmercoledi.news\/ilmercoledi\/news\/wp-json\/wp\/v2\/tags?post=17386"},{"taxonomy":"news-destination","embeddable":true,"href":"https:\/\/www.ilmercoledi.news\/ilmercoledi\/news\/wp-json\/wp\/v2\/news-destination?post=17386"},{"taxonomy":"news-source","embeddable":true,"href":"https:\/\/www.ilmercoledi.news\/ilmercoledi\/news\/wp-json\/wp\/v2\/news-source?post=17386"},{"taxonomy":"is_homepage","embeddable":true,"href":"https:\/\/www.ilmercoledi.news\/ilmercoledi\/news\/wp-json\/wp\/v2\/is_homepage?post=17386"},{"taxonomy":"ta_other","embeddable":true,"href":"https:\/\/www.ilmercoledi.news\/ilmercoledi\/news\/wp-json\/wp\/v2\/ta_other?post=17386"}],"curies":[{"name":"wp","href":"https:\/\/api.w.org\/{rel}","templated":true}]}}