{"id":17440,"date":"2019-04-10T17:53:03","date_gmt":"2019-04-10T15:53:03","guid":{"rendered":"http:\/\/euwps02.tecnavia.com\/ilmercoledi\/news\/?p=17440"},"modified":"2019-04-10T17:53:05","modified_gmt":"2019-04-10T15:53:05","slug":"pecetto-serata-tra-le-stelle-in-biblioteca","status":"publish","type":"post","link":"https:\/\/www.ilmercoledi.news\/2019\/04\/10\/pecetto-serata-tra-le-stelle-in-biblioteca\/","title":{"rendered":"PECETTO &#8211; Serata tra le stelle in biblioteca"},"content":{"rendered":"<p>PECETTO &#8211; Mercoled\u00ec 17 aprile, alle 21 nel salone della biblioteca civica di Pecetto, torner\u00e0 l\u2019astronomo Walter Ferreri dell&#8217;Osservatorio di Pino, gi\u00e0 ospite del presidio culturale di piazza Rimembranza in passato e con grande successo di pubblico. L\u2019occasione questa volta sar\u00e0 rappresentata dalla \u201cSerata Marte. Il lungo cammino verso la conoscenza del Pianeta Rosso\u201d. I partecipanti avranno inoltre la possibilit\u00e0 vedere, attraverso strumenti professionali, Marte e la Luna. Ingresso libero e gratuito.<br \/>\nNel frattempo lo staff della biblioteca ricorda che il giorno successivo, gioved\u00ec 18 aprile, alle 17, si svolger\u00e0 un nuovo incontri del ciclo Nati per Leggere con Romina Panero, la quale proporr\u00e0 ai giovanissimi ospiti una serie di \u201cletture piccoline\u201d.<\/p>\n","protected":false},"excerpt":{"rendered":"","protected":false},"author":10,"featured_media":17441,"comment_status":"open","ping_status":"closed","sticky":false,"template":"","format":"standard","meta":[],"categories":[34,9],"tags":[],"news-destination":[],"news-source":[],"is_homepage":[],"ta_other":[],"_links":{"self":[{"href":"https:\/\/www.ilmercoledi.news\/ilmercoledi\/news\/wp-json\/wp\/v2\/posts\/17440"}],"collection":[{"href":"https:\/\/www.ilmercoledi.news\/ilmercoledi\/news\/wp-json\/wp\/v2\/posts"}],"about":[{"href":"https:\/\/www.ilmercoledi.news\/ilmercoledi\/news\/wp-json\/wp\/v2\/types\/post"}],"author":[{"embeddable":true,"href":"https:\/\/www.ilmercoledi.news\/ilmercoledi\/news\/wp-json\/wp\/v2\/users\/10"}],"replies":[{"embeddable":true,"href":"https:\/\/www.ilmercoledi.news\/ilmercoledi\/news\/wp-json\/wp\/v2\/comments?post=17440"}],"version-history":[{"count":1,"href":"https:\/\/www.ilmercoledi.news\/ilmercoledi\/news\/wp-json\/wp\/v2\/posts\/17440\/revisions"}],"predecessor-version":[{"id":17442,"href":"https:\/\/www.ilmercoledi.news\/ilmercoledi\/news\/wp-json\/wp\/v2\/posts\/17440\/revisions\/17442"}],"wp:featuredmedia":[{"embeddable":true,"href":"https:\/\/www.ilmercoledi.news\/ilmercoledi\/news\/wp-json\/wp\/v2\/media\/17441"}],"wp:attachment":[{"href":"https:\/\/www.ilmercoledi.news\/ilmercoledi\/news\/wp-json\/wp\/v2\/media?parent=17440"}],"wp:term":[{"taxonomy":"category","embeddable":true,"href":"https:\/\/www.ilmercoledi.news\/ilmercoledi\/news\/wp-json\/wp\/v2\/categories?post=17440"},{"taxonomy":"post_tag","embeddable":true,"href":"https:\/\/www.ilmercoledi.news\/ilmercoledi\/news\/wp-json\/wp\/v2\/tags?post=17440"},{"taxonomy":"news-destination","embeddable":true,"href":"https:\/\/www.ilmercoledi.news\/ilmercoledi\/news\/wp-json\/wp\/v2\/news-destination?post=17440"},{"taxonomy":"news-source","embeddable":true,"href":"https:\/\/www.ilmercoledi.news\/ilmercoledi\/news\/wp-json\/wp\/v2\/news-source?post=17440"},{"taxonomy":"is_homepage","embeddable":true,"href":"https:\/\/www.ilmercoledi.news\/ilmercoledi\/news\/wp-json\/wp\/v2\/is_homepage?post=17440"},{"taxonomy":"ta_other","embeddable":true,"href":"https:\/\/www.ilmercoledi.news\/ilmercoledi\/news\/wp-json\/wp\/v2\/ta_other?post=17440"}],"curies":[{"name":"wp","href":"https:\/\/api.w.org\/{rel}","templated":true}]}}