{"id":17640,"date":"2019-04-15T16:07:26","date_gmt":"2019-04-15T14:07:26","guid":{"rendered":"http:\/\/euwps02.tecnavia.com\/ilmercoledi\/news\/?p=17640"},"modified":"2019-04-15T16:07:28","modified_gmt":"2019-04-15T14:07:28","slug":"bocce-longo-e-grosso-cedono-ai-francesi-la-targa-doro","status":"publish","type":"post","link":"https:\/\/www.ilmercoledi.news\/2019\/04\/15\/bocce-longo-e-grosso-cedono-ai-francesi-la-targa-doro\/","title":{"rendered":"BOCCE &#8211; Longo e Grosso cedono ai francesi la Targa d&#8217;Oro"},"content":{"rendered":"<p>ALASSIO &#8211; Cerano anche i nostri bocciatori d\u2019eccezione Daniele Grosso e Alessandro Longo, rispettivamente di Santena e Moncalieri, al \u00abTarga d\u2019Oro\u00bb di Alassio, prova internazionale a quadrette giunta quest\u2019anno alla sua 66a edizione e disputata nel fine settimana appena trascorso al palazzetto di Alassio. C\u2019erano appunto, ma nessuno di loro, e di riflesso le squadre di cui fanno parte, ovvero Brb Ivrea e La Perosina, ha centrato l\u2019obbiettivo venendo fermato proprio nella fase conclusiva della competizione. La coppa infatti \u00e8 andata in Francia a seguito dell\u2019ottima performance del Rumilly che in finale ha prevalso per 11-5 sugli eporediesi che schierano Grosso. Il tutto al termine di una sfida rimasta sempre piuttosto incerta, almeno fino alla nona giocata, quando da un potenziale 6-7 per i rossi di Ivrea si \u00e8 passati ad un concreto 5-9 per i transalpini, per giunta a pochi minuti dal termine. Sul terzo gradino del podio si \u00e8 invece fermata La Perosina, battuta per 13 a 5 dalla compagine francese che si \u00e8 poi aggiudicata il torneo.<\/p>\n","protected":false},"excerpt":{"rendered":"","protected":false},"author":10,"featured_media":17641,"comment_status":"open","ping_status":"closed","sticky":false,"template":"","format":"standard","meta":[],"categories":[10],"tags":[],"news-destination":[],"news-source":[],"is_homepage":[],"ta_other":[],"_links":{"self":[{"href":"https:\/\/www.ilmercoledi.news\/ilmercoledi\/news\/wp-json\/wp\/v2\/posts\/17640"}],"collection":[{"href":"https:\/\/www.ilmercoledi.news\/ilmercoledi\/news\/wp-json\/wp\/v2\/posts"}],"about":[{"href":"https:\/\/www.ilmercoledi.news\/ilmercoledi\/news\/wp-json\/wp\/v2\/types\/post"}],"author":[{"embeddable":true,"href":"https:\/\/www.ilmercoledi.news\/ilmercoledi\/news\/wp-json\/wp\/v2\/users\/10"}],"replies":[{"embeddable":true,"href":"https:\/\/www.ilmercoledi.news\/ilmercoledi\/news\/wp-json\/wp\/v2\/comments?post=17640"}],"version-history":[{"count":1,"href":"https:\/\/www.ilmercoledi.news\/ilmercoledi\/news\/wp-json\/wp\/v2\/posts\/17640\/revisions"}],"predecessor-version":[{"id":17642,"href":"https:\/\/www.ilmercoledi.news\/ilmercoledi\/news\/wp-json\/wp\/v2\/posts\/17640\/revisions\/17642"}],"wp:featuredmedia":[{"embeddable":true,"href":"https:\/\/www.ilmercoledi.news\/ilmercoledi\/news\/wp-json\/wp\/v2\/media\/17641"}],"wp:attachment":[{"href":"https:\/\/www.ilmercoledi.news\/ilmercoledi\/news\/wp-json\/wp\/v2\/media?parent=17640"}],"wp:term":[{"taxonomy":"category","embeddable":true,"href":"https:\/\/www.ilmercoledi.news\/ilmercoledi\/news\/wp-json\/wp\/v2\/categories?post=17640"},{"taxonomy":"post_tag","embeddable":true,"href":"https:\/\/www.ilmercoledi.news\/ilmercoledi\/news\/wp-json\/wp\/v2\/tags?post=17640"},{"taxonomy":"news-destination","embeddable":true,"href":"https:\/\/www.ilmercoledi.news\/ilmercoledi\/news\/wp-json\/wp\/v2\/news-destination?post=17640"},{"taxonomy":"news-source","embeddable":true,"href":"https:\/\/www.ilmercoledi.news\/ilmercoledi\/news\/wp-json\/wp\/v2\/news-source?post=17640"},{"taxonomy":"is_homepage","embeddable":true,"href":"https:\/\/www.ilmercoledi.news\/ilmercoledi\/news\/wp-json\/wp\/v2\/is_homepage?post=17640"},{"taxonomy":"ta_other","embeddable":true,"href":"https:\/\/www.ilmercoledi.news\/ilmercoledi\/news\/wp-json\/wp\/v2\/ta_other?post=17640"}],"curies":[{"name":"wp","href":"https:\/\/api.w.org\/{rel}","templated":true}]}}