{"id":17673,"date":"2019-04-16T14:01:31","date_gmt":"2019-04-16T12:01:31","guid":{"rendered":"http:\/\/euwps02.tecnavia.com\/ilmercoledi\/news\/?p=17673"},"modified":"2019-04-16T14:01:33","modified_gmt":"2019-04-16T12:01:33","slug":"motori-monica-caramellino-entra-nel-leggenda","status":"publish","type":"post","link":"https:\/\/www.ilmercoledi.news\/2019\/04\/16\/motori-monica-caramellino-entra-nel-leggenda\/","title":{"rendered":"MOTORI &#8211; Monica Caramellino entra nel \u00abLeggenda\u00bb"},"content":{"rendered":"<p>SANREMO &#8211; \u201cMi sembrava di essere tornata al Piancavallo di quattro anni fa. Pioggia a catinelle e anche nebbia. Almeno questa volta non abbiamo forato\u201d. Monica Caramellino sorride soddisfatta sulla pedana di Corso Imperatrice a Sanremo all\u2019arrivo dell\u201911\u00b0 Sanremo Leggenda con la Peugeot 208 VTI curata da Riccardo Miele con pneumatici Michelin Pilot, per i colori di Turismotor\u2019s.<br \/>\n Affiancata dalla navigatrice genovese Giulia Patrone (con il logo di \u201cGenova nel Cuore\u201d sul lunotto della vettura per sottolineare lo sforzo che la capitale ligure sta compiendo per riallacciare le due sponde della citt\u00e0) la pilotessa di Nole Canavese ha concluso la sua avventura in terra ligure in 35esima posizione assoluta, a podio di Classe R2B, conquistando punti preziosi per la Michelin Zone Cup.<br \/>\n \u201cIl Sanremo si svolge su prove che sono l\u2019universit\u00e0 della guida, per cui \u00e8 doveroso dare tutto il possibile ad ogni metro di prova speciale. E cos\u00ec abbiamo fatto. Anche nelle condizioni atmosferiche pi\u00f9 difficili, come nella nebbia, ce la siamo cavata nel migliore dei modi senza mai commettere errori. \u00c8 una gara che presenta tutte le tipologia di percorso, dove bisogna guidare con la massima concentrazione su strade che non concedono spazio al minimo errore. Ma \u00e8 molto bella, con dossi mozzafiato, come il salto di Testico, sul quale bisogna evitare di farsi prendere troppo dall\u2019entusiasmo, perch\u00e9 appena si atterra c\u2019\u00e8 una esse destra\/sinistra che se non la infili pi\u00f9 che giusta ti ritrovi fuori strada. Un rally difficile anche per le scelte tecniche di pneumatici. Il parco assistenza \u00e8 lontano dalle prove speciali, oltre un\u2019ora di trasferimento e si passa da una vallata all\u2019altra, con condizioni meteorologiche mutevoli nel volgere della stessa prova speciale. Pi\u00f9 che un terno al lotto bisogna giocare il numero secco sulla ruota della roulette. Ovvio. Siamo nella citt\u00e0 del Casin\u00f2. Una gara stupenda che non vorresti finire mai. Quando passi il palco arrivi, con i fiori di Sanremo che vengono offerti a tutte le concorrenti donne, vorresti portare l\u2019orologio indietro alle sette del mattino per ripartire immediatamente\u201d analizza la pilotessa canavesana.<br \/>\nLa gara di Monica Caramellino \u00e8 filata liscia e senza errori. Sveglia presto all\u2019alba per lasciare il parco partenza alle sette del mattino sotto il sole di Sanremo, e percorrere il trasferimento di oltre un\u2019ora e portarsi nell\u2019entroterra di Andora ed affrontare le prove speciali di Testico, Colle D\u2019Oggia e Colle San Bartolomeo al ritmo dei tamburi essendo i tratti cronometrati vicinissimi, senza la minima possibilit\u00e0 di prendere fiato. Le prove del mattino vedono Monica Caramellino eGiulia Patrone chiudere in 40esima posizione assoluta su 73 equipaggi iscritti e terze di Classe R2B. Tornate in parco assistenza a Sanremo l\u2019attenzione \u00e8 tutta verso il cielo a levante dove si distendono le prove. Il cielo \u00e8 scurissimo e la decisione su quali pneumatici montare difficile. Al ritorno sulle prove cronometrate la situazione meteorologica \u00e8 variabile e il fondo stradale peggiorato, stressato dai numerosi passaggi delle auto da rally del Campionato italiano e delle storiche. I tempi di percorrenza delle prove si allungano, specialmente nella prova centrale di Colle d\u2019Oggia, nella quale Monica Caramellino e Giulia Patrone peggiorano il loro tempo di quasi un minuto, ma sono assolutamente il linea con tutti gli altri concorrenti; prima di dare la zampata finale sul San Bartolomeo, dove segnano il 33\u00b0 tempo assoluto, loro miglior prestazione di giornata, che permette all\u2019equipaggio di Turismotor\u2019s di risalire fino alla 35esima posizione nella classifica assoluta.<br \/>\nE prepararsi a festeggiare la loro gara proprio sotto le torri del Casin\u00f2.<\/p>\n","protected":false},"excerpt":{"rendered":"","protected":false},"author":10,"featured_media":17674,"comment_status":"open","ping_status":"closed","sticky":false,"template":"","format":"standard","meta":[],"categories":[10],"tags":[],"news-destination":[],"news-source":[],"is_homepage":[],"ta_other":[],"_links":{"self":[{"href":"https:\/\/www.ilmercoledi.news\/ilmercoledi\/news\/wp-json\/wp\/v2\/posts\/17673"}],"collection":[{"href":"https:\/\/www.ilmercoledi.news\/ilmercoledi\/news\/wp-json\/wp\/v2\/posts"}],"about":[{"href":"https:\/\/www.ilmercoledi.news\/ilmercoledi\/news\/wp-json\/wp\/v2\/types\/post"}],"author":[{"embeddable":true,"href":"https:\/\/www.ilmercoledi.news\/ilmercoledi\/news\/wp-json\/wp\/v2\/users\/10"}],"replies":[{"embeddable":true,"href":"https:\/\/www.ilmercoledi.news\/ilmercoledi\/news\/wp-json\/wp\/v2\/comments?post=17673"}],"version-history":[{"count":1,"href":"https:\/\/www.ilmercoledi.news\/ilmercoledi\/news\/wp-json\/wp\/v2\/posts\/17673\/revisions"}],"predecessor-version":[{"id":17675,"href":"https:\/\/www.ilmercoledi.news\/ilmercoledi\/news\/wp-json\/wp\/v2\/posts\/17673\/revisions\/17675"}],"wp:featuredmedia":[{"embeddable":true,"href":"https:\/\/www.ilmercoledi.news\/ilmercoledi\/news\/wp-json\/wp\/v2\/media\/17674"}],"wp:attachment":[{"href":"https:\/\/www.ilmercoledi.news\/ilmercoledi\/news\/wp-json\/wp\/v2\/media?parent=17673"}],"wp:term":[{"taxonomy":"category","embeddable":true,"href":"https:\/\/www.ilmercoledi.news\/ilmercoledi\/news\/wp-json\/wp\/v2\/categories?post=17673"},{"taxonomy":"post_tag","embeddable":true,"href":"https:\/\/www.ilmercoledi.news\/ilmercoledi\/news\/wp-json\/wp\/v2\/tags?post=17673"},{"taxonomy":"news-destination","embeddable":true,"href":"https:\/\/www.ilmercoledi.news\/ilmercoledi\/news\/wp-json\/wp\/v2\/news-destination?post=17673"},{"taxonomy":"news-source","embeddable":true,"href":"https:\/\/www.ilmercoledi.news\/ilmercoledi\/news\/wp-json\/wp\/v2\/news-source?post=17673"},{"taxonomy":"is_homepage","embeddable":true,"href":"https:\/\/www.ilmercoledi.news\/ilmercoledi\/news\/wp-json\/wp\/v2\/is_homepage?post=17673"},{"taxonomy":"ta_other","embeddable":true,"href":"https:\/\/www.ilmercoledi.news\/ilmercoledi\/news\/wp-json\/wp\/v2\/ta_other?post=17673"}],"curies":[{"name":"wp","href":"https:\/\/api.w.org\/{rel}","templated":true}]}}