{"id":17697,"date":"2019-04-17T09:53:27","date_gmt":"2019-04-17T07:53:27","guid":{"rendered":"http:\/\/euwps02.tecnavia.com\/ilmercoledi\/news\/?p=17697"},"modified":"2019-04-17T09:53:30","modified_gmt":"2019-04-17T07:53:30","slug":"al-cinema-per-pasqua-e-pasquetta-la-proposta-alternativa-dellelios-a-carmagnola","status":"publish","type":"post","link":"https:\/\/www.ilmercoledi.news\/2019\/04\/17\/al-cinema-per-pasqua-e-pasquetta-la-proposta-alternativa-dellelios-a-carmagnola\/","title":{"rendered":"Al cinema per Pasqua e Pasquetta: la proposta alternativa dell\u2019Elios a Carmagnola"},"content":{"rendered":"<p>Pasqua e Pasquetta al cinema, perch\u00e9 no? Il cinema teatro Elios di piazza Verdi a Carmagnola sar\u00e0 aperto per dare un\u2019occasione di svago in pi\u00f9, con qualunque condizione meteo.<\/p>\n<p>Ecco il programma.<\/p>\n<p>Il 25 aprile e fine settimana prima visione per \u201cAncora un giorno\u201d: ispirato al capolavoro di Kapu\u015bci\u0144ski, giornalista e autore del libro, \u201cScritto all\u2019indomani del suo viaggio in Angola nel 1975, nel pieno della Guerra Civile, il reporter polacco vuole essere sicuro che nessuno dimentichi ci\u00f2 che \u00e8 successo. Ra\u00fal de la Fuente e Damian Nenow recuperano il suo messaggio e lo trasformano con grande audacia in un lungometraggio animato, accompagnato da interviste in liveaction. Presentato al Festival di Cannes, Another Day of Life \u00e8 pi\u00f9 di una fiction, pi\u00f9 di un documentario: senza mancare di coinvolgere e stupire, \u00e8 il resoconto coraggioso di una storia tristemente vera.\u201d<\/p>\n<p>Un grande film sull\u2019indipendenza dell\u2019Angola. Storia molto simile a molti stati africani. Un film assolutamente da vedere per i\u00a0 contenuti ma soprattutto per le emozioni che trasmette.<\/p>\n<p>La pellicola verr\u00e0 proiettata il 25 aprile in collaborazione con l\u2019ANPI.<\/p>\n<p>Il Cinema Teatro Elios di Carmagnola ha vinto un concorso nazionale sul lancio del film a livello territoriale. Il progetto prevede il coinvolgimento delle scuole e la collaborazione coi giornali locali. Vuole creare dibattito sul tema tra scuole e associazioni del territorio.<\/p>\n<p>Le proiezioni: 25, 26, 27 e 28 aprile alle 21, nelle giornate successive proiezioni per gli scuole superiori dell\u2019Istituto Baldessano Roccati.<\/p>\n","protected":false},"excerpt":{"rendered":"","protected":false},"author":4,"featured_media":17087,"comment_status":"open","ping_status":"closed","sticky":false,"template":"","format":"standard","meta":[],"categories":[8],"tags":[],"news-destination":[],"news-source":[],"is_homepage":[],"ta_other":[],"_links":{"self":[{"href":"https:\/\/www.ilmercoledi.news\/ilmercoledi\/news\/wp-json\/wp\/v2\/posts\/17697"}],"collection":[{"href":"https:\/\/www.ilmercoledi.news\/ilmercoledi\/news\/wp-json\/wp\/v2\/posts"}],"about":[{"href":"https:\/\/www.ilmercoledi.news\/ilmercoledi\/news\/wp-json\/wp\/v2\/types\/post"}],"author":[{"embeddable":true,"href":"https:\/\/www.ilmercoledi.news\/ilmercoledi\/news\/wp-json\/wp\/v2\/users\/4"}],"replies":[{"embeddable":true,"href":"https:\/\/www.ilmercoledi.news\/ilmercoledi\/news\/wp-json\/wp\/v2\/comments?post=17697"}],"version-history":[{"count":1,"href":"https:\/\/www.ilmercoledi.news\/ilmercoledi\/news\/wp-json\/wp\/v2\/posts\/17697\/revisions"}],"predecessor-version":[{"id":17698,"href":"https:\/\/www.ilmercoledi.news\/ilmercoledi\/news\/wp-json\/wp\/v2\/posts\/17697\/revisions\/17698"}],"wp:featuredmedia":[{"embeddable":true,"href":"https:\/\/www.ilmercoledi.news\/ilmercoledi\/news\/wp-json\/wp\/v2\/media\/17087"}],"wp:attachment":[{"href":"https:\/\/www.ilmercoledi.news\/ilmercoledi\/news\/wp-json\/wp\/v2\/media?parent=17697"}],"wp:term":[{"taxonomy":"category","embeddable":true,"href":"https:\/\/www.ilmercoledi.news\/ilmercoledi\/news\/wp-json\/wp\/v2\/categories?post=17697"},{"taxonomy":"post_tag","embeddable":true,"href":"https:\/\/www.ilmercoledi.news\/ilmercoledi\/news\/wp-json\/wp\/v2\/tags?post=17697"},{"taxonomy":"news-destination","embeddable":true,"href":"https:\/\/www.ilmercoledi.news\/ilmercoledi\/news\/wp-json\/wp\/v2\/news-destination?post=17697"},{"taxonomy":"news-source","embeddable":true,"href":"https:\/\/www.ilmercoledi.news\/ilmercoledi\/news\/wp-json\/wp\/v2\/news-source?post=17697"},{"taxonomy":"is_homepage","embeddable":true,"href":"https:\/\/www.ilmercoledi.news\/ilmercoledi\/news\/wp-json\/wp\/v2\/is_homepage?post=17697"},{"taxonomy":"ta_other","embeddable":true,"href":"https:\/\/www.ilmercoledi.news\/ilmercoledi\/news\/wp-json\/wp\/v2\/ta_other?post=17697"}],"curies":[{"name":"wp","href":"https:\/\/api.w.org\/{rel}","templated":true}]}}