{"id":17737,"date":"2019-04-17T15:55:42","date_gmt":"2019-04-17T13:55:42","guid":{"rendered":"http:\/\/euwps02.tecnavia.com\/ilmercoledi\/news\/?p=17737"},"modified":"2019-04-17T15:55:46","modified_gmt":"2019-04-17T13:55:46","slug":"carmagnola-arriva-la-fibra-ottica-in-citta-per-mille-case","status":"publish","type":"post","link":"https:\/\/www.ilmercoledi.news\/2019\/04\/17\/carmagnola-arriva-la-fibra-ottica-in-citta-per-mille-case\/","title":{"rendered":"CARMAGNOLA &#8211; Arriva la fibra ottica in citt\u00e0 per mille case"},"content":{"rendered":"<p>A Carmagnola arriva la fibra per mille abitazioni della citt\u00e0. \u00c8 stata firmata ieri pomeriggio, marted\u00ec 16 aprile, la convenzione tra l\u2019amministrazione comunale e Isiline Srl, in base alla quale nei prossimi 12 mesi verranno collegati con la fibra ottica in tecnologia FTTH pi\u00f9 di 1.000 numeri civici della citt\u00e0. Da una parte, la Citt\u00e0 di Carmagnola si impegna a garantire tempi certi sul rilascio alla societ\u00e0 saluzzese delle autorizzazioni necessarie per utilizzare le canaline di propriet\u00e0 del Comune, al fine di ridurre gli scavi sul territorio comunale e riutilizzare le infrastrutture gi\u00e0 esistenti per la posa della fibra. Dall\u2019altra, l\u2019azienda saluzzese che fornisce servizi di rete, data center e voce portando Internet alle famiglie e alle aziende piemontesi, garantisce di fornire gratuitamente all\u2019amministrazione carmagnolese 100 collegamenti in fibra ottica da poter utilizzare sul territorio comunale per vari servizi di interesse pubblico, a cominciare da quelli di videosorveglianza.<\/p>\n","protected":false},"excerpt":{"rendered":"","protected":false},"author":11,"featured_media":6088,"comment_status":"open","ping_status":"closed","sticky":false,"template":"","format":"standard","meta":[],"categories":[34],"tags":[],"news-destination":[],"news-source":[],"is_homepage":[],"ta_other":[],"_links":{"self":[{"href":"https:\/\/www.ilmercoledi.news\/ilmercoledi\/news\/wp-json\/wp\/v2\/posts\/17737"}],"collection":[{"href":"https:\/\/www.ilmercoledi.news\/ilmercoledi\/news\/wp-json\/wp\/v2\/posts"}],"about":[{"href":"https:\/\/www.ilmercoledi.news\/ilmercoledi\/news\/wp-json\/wp\/v2\/types\/post"}],"author":[{"embeddable":true,"href":"https:\/\/www.ilmercoledi.news\/ilmercoledi\/news\/wp-json\/wp\/v2\/users\/11"}],"replies":[{"embeddable":true,"href":"https:\/\/www.ilmercoledi.news\/ilmercoledi\/news\/wp-json\/wp\/v2\/comments?post=17737"}],"version-history":[{"count":1,"href":"https:\/\/www.ilmercoledi.news\/ilmercoledi\/news\/wp-json\/wp\/v2\/posts\/17737\/revisions"}],"predecessor-version":[{"id":17738,"href":"https:\/\/www.ilmercoledi.news\/ilmercoledi\/news\/wp-json\/wp\/v2\/posts\/17737\/revisions\/17738"}],"wp:featuredmedia":[{"embeddable":true,"href":"https:\/\/www.ilmercoledi.news\/ilmercoledi\/news\/wp-json\/wp\/v2\/media\/6088"}],"wp:attachment":[{"href":"https:\/\/www.ilmercoledi.news\/ilmercoledi\/news\/wp-json\/wp\/v2\/media?parent=17737"}],"wp:term":[{"taxonomy":"category","embeddable":true,"href":"https:\/\/www.ilmercoledi.news\/ilmercoledi\/news\/wp-json\/wp\/v2\/categories?post=17737"},{"taxonomy":"post_tag","embeddable":true,"href":"https:\/\/www.ilmercoledi.news\/ilmercoledi\/news\/wp-json\/wp\/v2\/tags?post=17737"},{"taxonomy":"news-destination","embeddable":true,"href":"https:\/\/www.ilmercoledi.news\/ilmercoledi\/news\/wp-json\/wp\/v2\/news-destination?post=17737"},{"taxonomy":"news-source","embeddable":true,"href":"https:\/\/www.ilmercoledi.news\/ilmercoledi\/news\/wp-json\/wp\/v2\/news-source?post=17737"},{"taxonomy":"is_homepage","embeddable":true,"href":"https:\/\/www.ilmercoledi.news\/ilmercoledi\/news\/wp-json\/wp\/v2\/is_homepage?post=17737"},{"taxonomy":"ta_other","embeddable":true,"href":"https:\/\/www.ilmercoledi.news\/ilmercoledi\/news\/wp-json\/wp\/v2\/ta_other?post=17737"}],"curies":[{"name":"wp","href":"https:\/\/api.w.org\/{rel}","templated":true}]}}