{"id":17749,"date":"2019-04-18T06:39:16","date_gmt":"2019-04-18T04:39:16","guid":{"rendered":"http:\/\/euwps02.tecnavia.com\/ilmercoledi\/news\/?p=17749"},"modified":"2019-04-18T06:39:17","modified_gmt":"2019-04-18T04:39:17","slug":"carmagnola-centri-estivi-per-lanno-2019","status":"publish","type":"post","link":"https:\/\/www.ilmercoledi.news\/2019\/04\/18\/carmagnola-centri-estivi-per-lanno-2019\/","title":{"rendered":"CARMAGNOLA &#8211; Centri estivi per l&#8217;anno 2019"},"content":{"rendered":"<p>Il Comune di Carmagnola organizza anche per il 2019 il Centro Estivo per i bambini della Scuola dell\u2019Infanzia e della Primaria, che si terr\u00e0 dal 1 al 26 luglio 2019. Il programma prevede gite sul territorio, uscite in piscina con cadenza settimanale, laboratori creativi, gioco libero. Secondo le fasce di et\u00e0 \u00e8 possibile, per i pi\u00f9 grandi, svolgere i compiti estivi, mentre per i pi\u00f9 piccoli \u00e8 prevista la possibilit\u00e0 di riposare nel primo pomeriggio. Il numero massimo di partecipanti \u00e8 pari a 130 bambini. Le iscrizioni saranno aperte dal 13 maggio al 14 giugno 2019 e saranno raccolte presso l\u2019Ufficio Politiche Sociali (lun \u2013 merc. \u2013 ven. 8.30-12.15). Il programma del centro estivo e la relativa modulistica di iscrizione saranno reperibili presso l\u2019ufficio oppure sul sito del Comune www.comune.carmagnola.to.it a partire dal mese di maggio. Commenta l\u2019assessore alle Politiche Sociali: \u201c Il centro estivo \u00e8 un servizio indispensabile per molte famiglie con bambini in et\u00e0 scolare. Invito le famiglie interessate al servizio a rivolgersi all\u2019ufficio per informazioni, a partire dal mese di maggio&#8221;.<\/p>\n","protected":false},"excerpt":{"rendered":"","protected":false},"author":11,"featured_media":4293,"comment_status":"open","ping_status":"closed","sticky":false,"template":"","format":"standard","meta":[],"categories":[34],"tags":[],"news-destination":[],"news-source":[],"is_homepage":[],"ta_other":[],"_links":{"self":[{"href":"https:\/\/www.ilmercoledi.news\/ilmercoledi\/news\/wp-json\/wp\/v2\/posts\/17749"}],"collection":[{"href":"https:\/\/www.ilmercoledi.news\/ilmercoledi\/news\/wp-json\/wp\/v2\/posts"}],"about":[{"href":"https:\/\/www.ilmercoledi.news\/ilmercoledi\/news\/wp-json\/wp\/v2\/types\/post"}],"author":[{"embeddable":true,"href":"https:\/\/www.ilmercoledi.news\/ilmercoledi\/news\/wp-json\/wp\/v2\/users\/11"}],"replies":[{"embeddable":true,"href":"https:\/\/www.ilmercoledi.news\/ilmercoledi\/news\/wp-json\/wp\/v2\/comments?post=17749"}],"version-history":[{"count":1,"href":"https:\/\/www.ilmercoledi.news\/ilmercoledi\/news\/wp-json\/wp\/v2\/posts\/17749\/revisions"}],"predecessor-version":[{"id":17750,"href":"https:\/\/www.ilmercoledi.news\/ilmercoledi\/news\/wp-json\/wp\/v2\/posts\/17749\/revisions\/17750"}],"wp:featuredmedia":[{"embeddable":true,"href":"https:\/\/www.ilmercoledi.news\/ilmercoledi\/news\/wp-json\/wp\/v2\/media\/4293"}],"wp:attachment":[{"href":"https:\/\/www.ilmercoledi.news\/ilmercoledi\/news\/wp-json\/wp\/v2\/media?parent=17749"}],"wp:term":[{"taxonomy":"category","embeddable":true,"href":"https:\/\/www.ilmercoledi.news\/ilmercoledi\/news\/wp-json\/wp\/v2\/categories?post=17749"},{"taxonomy":"post_tag","embeddable":true,"href":"https:\/\/www.ilmercoledi.news\/ilmercoledi\/news\/wp-json\/wp\/v2\/tags?post=17749"},{"taxonomy":"news-destination","embeddable":true,"href":"https:\/\/www.ilmercoledi.news\/ilmercoledi\/news\/wp-json\/wp\/v2\/news-destination?post=17749"},{"taxonomy":"news-source","embeddable":true,"href":"https:\/\/www.ilmercoledi.news\/ilmercoledi\/news\/wp-json\/wp\/v2\/news-source?post=17749"},{"taxonomy":"is_homepage","embeddable":true,"href":"https:\/\/www.ilmercoledi.news\/ilmercoledi\/news\/wp-json\/wp\/v2\/is_homepage?post=17749"},{"taxonomy":"ta_other","embeddable":true,"href":"https:\/\/www.ilmercoledi.news\/ilmercoledi\/news\/wp-json\/wp\/v2\/ta_other?post=17749"}],"curies":[{"name":"wp","href":"https:\/\/api.w.org\/{rel}","templated":true}]}}