{"id":17803,"date":"2019-04-19T17:18:46","date_gmt":"2019-04-19T15:18:46","guid":{"rendered":"http:\/\/euwps02.tecnavia.com\/ilmercoledi\/news\/?p=17803"},"modified":"2019-04-19T17:18:48","modified_gmt":"2019-04-19T15:18:48","slug":"orto-botanico-di-torino-fiorisce-on-la-nuova-stagione","status":"publish","type":"post","link":"https:\/\/www.ilmercoledi.news\/2019\/04\/19\/orto-botanico-di-torino-fiorisce-on-la-nuova-stagione\/","title":{"rendered":"Orto botanico di Torino fiorisce on la nuova stagione"},"content":{"rendered":"<p>L\u2019Orto botanico di Torino riapre i cancelli di viale Pier Andrea Mattioli 25 per mostrare a tutti i visitatori il suo tesoro di alberi e fiori nel pieno del loro fulgore primaverile. Sar\u00e0 aperto anche a Pasquetta e per la Festa della Liberazione, con orario 10-19.<\/p>\n<p>Quanto agli appuntamenti \u201cordinari\u201d, ecco qualche idea per stuzzicare la curiosit\u00e0 dei visitatori.<\/p>\n<p>In primis, le visite guidate delle ore 17 del sabato e delle ore 11,30 e delle 17 della domenica saranno dedicate ogni settimana del mese a temi diversi. Inoltre, nelle seconde domeniche di ogni mese saranno presenti gli apicoltori Lorenzo Domenis e Marco Cucco, con le visite guidate alle arnie e alle piante mellifere \u201cApi e Miele all\u2019Orto Botanico\u201d.<\/p>\n<p>Il terzo sabato e domenica del mese saranno invece dedicati a una pianta speciale: ad aprile (sabato 20 e domenica 21 aprile) toccher\u00e0 a Iris e Peonie, a maggio alle Rose, a giugno a Tigli, Ninfee e Liliacee.<\/p>\n<p>L\u2019ultimo weekend di ogni mese si concentrer\u00e0 invece sugli animali \u201cospiti\u201d dell\u2019Orto botanico e proporr\u00e0 laboratori per i bambini.<\/p>\n<p>L\u2019Orto botanico sar\u00e0 aperto fino a domenica 30 giugno 2019 con il seguente orario: dal luned\u00ec al venerd\u00ec dalle ore 9 alle ore 12, con visita libera; il sabato dalle ore 15 alle ore 19, con possibilit\u00e0 di visite guidate, in partenza alle ore 15,30 e alle ore 17; la domenica e i festivi dalle ore 10 alle 19, con possibilit\u00e0 di visite guidate, in partenza alle ore 10, 11,30, 15,30 e 17.<\/p>\n<p>Per ulteriori informazioni: Tel. 011.6705970 \u2013 328.7093005; www.ortobotanico.unito.it.<\/p>\n","protected":false},"excerpt":{"rendered":"","protected":false},"author":4,"featured_media":17804,"comment_status":"open","ping_status":"closed","sticky":false,"template":"","format":"standard","meta":[],"categories":[288],"tags":[],"news-destination":[],"news-source":[],"is_homepage":[],"ta_other":[],"_links":{"self":[{"href":"https:\/\/www.ilmercoledi.news\/ilmercoledi\/news\/wp-json\/wp\/v2\/posts\/17803"}],"collection":[{"href":"https:\/\/www.ilmercoledi.news\/ilmercoledi\/news\/wp-json\/wp\/v2\/posts"}],"about":[{"href":"https:\/\/www.ilmercoledi.news\/ilmercoledi\/news\/wp-json\/wp\/v2\/types\/post"}],"author":[{"embeddable":true,"href":"https:\/\/www.ilmercoledi.news\/ilmercoledi\/news\/wp-json\/wp\/v2\/users\/4"}],"replies":[{"embeddable":true,"href":"https:\/\/www.ilmercoledi.news\/ilmercoledi\/news\/wp-json\/wp\/v2\/comments?post=17803"}],"version-history":[{"count":1,"href":"https:\/\/www.ilmercoledi.news\/ilmercoledi\/news\/wp-json\/wp\/v2\/posts\/17803\/revisions"}],"predecessor-version":[{"id":17805,"href":"https:\/\/www.ilmercoledi.news\/ilmercoledi\/news\/wp-json\/wp\/v2\/posts\/17803\/revisions\/17805"}],"wp:featuredmedia":[{"embeddable":true,"href":"https:\/\/www.ilmercoledi.news\/ilmercoledi\/news\/wp-json\/wp\/v2\/media\/17804"}],"wp:attachment":[{"href":"https:\/\/www.ilmercoledi.news\/ilmercoledi\/news\/wp-json\/wp\/v2\/media?parent=17803"}],"wp:term":[{"taxonomy":"category","embeddable":true,"href":"https:\/\/www.ilmercoledi.news\/ilmercoledi\/news\/wp-json\/wp\/v2\/categories?post=17803"},{"taxonomy":"post_tag","embeddable":true,"href":"https:\/\/www.ilmercoledi.news\/ilmercoledi\/news\/wp-json\/wp\/v2\/tags?post=17803"},{"taxonomy":"news-destination","embeddable":true,"href":"https:\/\/www.ilmercoledi.news\/ilmercoledi\/news\/wp-json\/wp\/v2\/news-destination?post=17803"},{"taxonomy":"news-source","embeddable":true,"href":"https:\/\/www.ilmercoledi.news\/ilmercoledi\/news\/wp-json\/wp\/v2\/news-source?post=17803"},{"taxonomy":"is_homepage","embeddable":true,"href":"https:\/\/www.ilmercoledi.news\/ilmercoledi\/news\/wp-json\/wp\/v2\/is_homepage?post=17803"},{"taxonomy":"ta_other","embeddable":true,"href":"https:\/\/www.ilmercoledi.news\/ilmercoledi\/news\/wp-json\/wp\/v2\/ta_other?post=17803"}],"curies":[{"name":"wp","href":"https:\/\/api.w.org\/{rel}","templated":true}]}}