{"id":1797,"date":"2018-01-26T17:02:10","date_gmt":"2018-01-26T16:02:10","guid":{"rendered":"http:\/\/euwps02.tecnavia.com\/ilmercoledi\/news\/?p=1797"},"modified":"2018-02-08T07:58:37","modified_gmt":"2018-02-08T06:58:37","slug":"domenica-tornano-gli-orsi-polari-cimento-invernale-nel-po","status":"publish","type":"post","link":"https:\/\/www.ilmercoledi.news\/2018\/01\/26\/domenica-tornano-gli-orsi-polari-cimento-invernale-nel-po\/","title":{"rendered":"Domenica tornano gli Orsi Polari per il cimento invernale nel Po"},"content":{"rendered":"<p>D&#8217;accordo, non fa freddissimo, tant&#8217;\u00e8 che non nevica (almeno in pianura). Dire per\u00f2 che c&#8217;\u00e8 il tempo ideale per farsi un bel tuffo in Po forse \u00e8 esagerato. Non \u00e8 cos\u00ec, invece, per i partecipanti al cimento invernale denominato Orsi Polari che domenica 28 gennaio vedr\u00e0 impavidi nuotatori gettarsi nelle acque del fiume pi\u00f9 lungo d&#8217;Italia.<\/p>\n<p>Ad organizzare l&#8217;evento, come accade dal 1899 per iniziativa del Colonnello Nino Vaudano fondatore della Rari Nantes Torino, la stessa Rnt con la stretta collaborazione del Cus Torino che domenica attendono i partecipanti al Circolo Canottieri Caprera in corso Moncalieri 22 a partire dalle 8.45. Alle 10 il tuffo.<\/p>\n<p style=\"text-align: justify\">Prima di tuffarsi temerari intoneranno l&#8217;inno d&#8217;Italia e verranno immortalati nella classica foto di gruppo, mentre la loro impresa sar\u00e0 commentata dalla voce di Walter Gerbi, storico speaker delle gare di nuoto piemontesi. All&#8217;uscita saranno invece abbondante vin brul\u00e8 e the caldo ad attenderli.<\/p>\n<p>Tutti possono diventare degli Orsi Polari, a patto di essere in buona salute (all&#8217;iscrizione richiesto un <strong>certificato medico di sana e robusta costituzione<\/strong> non antecedente a 30 giorni dall&#8217;evento) e pieni di coraggio. Non c&#8217;\u00e8 limite di et\u00e0 come testimoniano i sempre pi\u00f9 numerosi bambini ed il veterano Sergio Marzorati, che a 93 anni non ha nessuna intenzione di rinunciare al suo tuffo in pieno inverno.<\/p>\n<p>Da sottolineare come l&#8217;evento, che lo scorso anno ha raggiunto\u00a0 la cifra record di 127 partecipanti, non rappresenti solamente una mera gogliardata bens\u00ec <em>&#8220;anche un modo per trasmettere valori spesso dimenticati, primo tra tutti quello del rispetto del fiume e in generale della natura. Il Po infatti, se tenuto pulito, potrebbe tornare ad essere un punto di ritrovo per i torinesi e addirittura un luogo di sport&#8221;<\/em> come sottolineano i due sodalizi organizzatori.<\/p>\n<p>Ulteriori informazioni al\u00a0338-5313045, sul sito www.rarinantestorino.com, sull&#8217;apposita pagina facebook (Orsi Polari &#8211; Cimento Invernale) e pagina twitter (RariNantesTo). Iscrizioni allo\u00a0011.334903 o tramite e-mail ad amministrazione@rarinantestorino.com.<\/p>\n","protected":false},"excerpt":{"rendered":"","protected":false},"author":9,"featured_media":1798,"comment_status":"open","ping_status":"closed","sticky":false,"template":"","format":"standard","meta":[],"categories":[10],"tags":[],"news-destination":[],"news-source":[],"is_homepage":[],"ta_other":[],"_links":{"self":[{"href":"https:\/\/www.ilmercoledi.news\/ilmercoledi\/news\/wp-json\/wp\/v2\/posts\/1797"}],"collection":[{"href":"https:\/\/www.ilmercoledi.news\/ilmercoledi\/news\/wp-json\/wp\/v2\/posts"}],"about":[{"href":"https:\/\/www.ilmercoledi.news\/ilmercoledi\/news\/wp-json\/wp\/v2\/types\/post"}],"author":[{"embeddable":true,"href":"https:\/\/www.ilmercoledi.news\/ilmercoledi\/news\/wp-json\/wp\/v2\/users\/9"}],"replies":[{"embeddable":true,"href":"https:\/\/www.ilmercoledi.news\/ilmercoledi\/news\/wp-json\/wp\/v2\/comments?post=1797"}],"version-history":[{"count":2,"href":"https:\/\/www.ilmercoledi.news\/ilmercoledi\/news\/wp-json\/wp\/v2\/posts\/1797\/revisions"}],"predecessor-version":[{"id":1800,"href":"https:\/\/www.ilmercoledi.news\/ilmercoledi\/news\/wp-json\/wp\/v2\/posts\/1797\/revisions\/1800"}],"wp:featuredmedia":[{"embeddable":true,"href":"https:\/\/www.ilmercoledi.news\/ilmercoledi\/news\/wp-json\/wp\/v2\/media\/1798"}],"wp:attachment":[{"href":"https:\/\/www.ilmercoledi.news\/ilmercoledi\/news\/wp-json\/wp\/v2\/media?parent=1797"}],"wp:term":[{"taxonomy":"category","embeddable":true,"href":"https:\/\/www.ilmercoledi.news\/ilmercoledi\/news\/wp-json\/wp\/v2\/categories?post=1797"},{"taxonomy":"post_tag","embeddable":true,"href":"https:\/\/www.ilmercoledi.news\/ilmercoledi\/news\/wp-json\/wp\/v2\/tags?post=1797"},{"taxonomy":"news-destination","embeddable":true,"href":"https:\/\/www.ilmercoledi.news\/ilmercoledi\/news\/wp-json\/wp\/v2\/news-destination?post=1797"},{"taxonomy":"news-source","embeddable":true,"href":"https:\/\/www.ilmercoledi.news\/ilmercoledi\/news\/wp-json\/wp\/v2\/news-source?post=1797"},{"taxonomy":"is_homepage","embeddable":true,"href":"https:\/\/www.ilmercoledi.news\/ilmercoledi\/news\/wp-json\/wp\/v2\/is_homepage?post=1797"},{"taxonomy":"ta_other","embeddable":true,"href":"https:\/\/www.ilmercoledi.news\/ilmercoledi\/news\/wp-json\/wp\/v2\/ta_other?post=1797"}],"curies":[{"name":"wp","href":"https:\/\/api.w.org\/{rel}","templated":true}]}}