{"id":18065,"date":"2019-04-28T11:55:43","date_gmt":"2019-04-28T09:55:43","guid":{"rendered":"http:\/\/euwps02.tecnavia.com\/ilmercoledi\/news\/?p=18065"},"modified":"2019-04-28T11:55:45","modified_gmt":"2019-04-28T09:55:45","slug":"la-cassa-integrazione-e-in-aumento-in-piemonte-ma-non-dappertutto","status":"publish","type":"post","link":"https:\/\/www.ilmercoledi.news\/2019\/04\/28\/la-cassa-integrazione-e-in-aumento-in-piemonte-ma-non-dappertutto\/","title":{"rendered":"La cassa integrazione \u00e8 in aumento in Piemonte. Ma non dappertutto"},"content":{"rendered":"<p>La cassa integrazione in Piemonte non smette di crescere. E\u2019 quanto denuncia il 3\u00b0 rapporto 2019 sulla cassa integrazione in Piemonte diffuso da UIL Piemonte. Secondo le analisi del sindacato dei lavoratori, \u201cin Piemonte, nel primo trimestre dell\u2019anno, come evidenziano i dati del Servizio politiche attive e passive del lavoro della UIL nazionale, sono state richieste 8.950.741 ore di cassa integrazione, in crescita del 7,5% rispetto all\u2019analogo periodo del 2018 (-3% ordinaria, +16,7% straordinaria, -99% deroga) \u2013 si spiega nel report \u2013 A livello nazionale sono state autorizzate 65.936.269 ore, con un incremento del 6,1%\u201d. Se la cifra assoluta \u00e8 sconfortante, sembra per\u00f2 essere in calo la media mensile degli occupati piemontesi tutelati, con 1.221 unit\u00e0 in meno rispetto al periodo gennaio-marzo 2018.<\/p>\n<p>A ogni buon conto, la nostra regione si trova al 3\u00b0 posto per richiesta di ore di cassa integrazione, dopo Lazio e Lombardia.<\/p>\n<p>Scendendo nel dettaglio, Biella con il suo +91,5% \u00e8 la provincia che ha fatto maggiormente ricorso alla cassa. Segue Torino +63,9%, mentre le altre aree hanno registrato un\u2019inversione di tendenza pi\u00f9 o meno marcata: Alessandria -5,5%, Novara -8,6%, Cuneo -71,3%, Verbania -83,3%, Vercelli -84,6%, Asti -86,7%.<\/p>\n<p>L\u2019area metropolitana di Torino, \u00e8 risultata la seconda pi\u00f9 cassaintegrata d\u2019Italia, dopo Roma e prima di Taranto.<\/p>\n<p>Il segretario generale UIL Piemonte Gianni Cortese commenta: \u201cLa comparazione dei dati relativi al 1\u00b0 trimestre del 2019 e del 2018 presenta una situazione simile allo stato dell\u2019economia nazionale: scarso dinamismo e prevalenza di stagnazione. Preoccupano i dati relativi alle domande di Naspi, che continuano ad aumentare, significando, verosimilmente, l\u2019espulsione dal mercato del lavoro di un numero crescente di lavoratrici e lavoratori\u201d.<\/p>\n","protected":false},"excerpt":{"rendered":"","protected":false},"author":4,"featured_media":8254,"comment_status":"open","ping_status":"closed","sticky":false,"template":"","format":"standard","meta":[],"categories":[375],"tags":[],"news-destination":[],"news-source":[],"is_homepage":[],"ta_other":[],"_links":{"self":[{"href":"https:\/\/www.ilmercoledi.news\/ilmercoledi\/news\/wp-json\/wp\/v2\/posts\/18065"}],"collection":[{"href":"https:\/\/www.ilmercoledi.news\/ilmercoledi\/news\/wp-json\/wp\/v2\/posts"}],"about":[{"href":"https:\/\/www.ilmercoledi.news\/ilmercoledi\/news\/wp-json\/wp\/v2\/types\/post"}],"author":[{"embeddable":true,"href":"https:\/\/www.ilmercoledi.news\/ilmercoledi\/news\/wp-json\/wp\/v2\/users\/4"}],"replies":[{"embeddable":true,"href":"https:\/\/www.ilmercoledi.news\/ilmercoledi\/news\/wp-json\/wp\/v2\/comments?post=18065"}],"version-history":[{"count":1,"href":"https:\/\/www.ilmercoledi.news\/ilmercoledi\/news\/wp-json\/wp\/v2\/posts\/18065\/revisions"}],"predecessor-version":[{"id":18066,"href":"https:\/\/www.ilmercoledi.news\/ilmercoledi\/news\/wp-json\/wp\/v2\/posts\/18065\/revisions\/18066"}],"wp:featuredmedia":[{"embeddable":true,"href":"https:\/\/www.ilmercoledi.news\/ilmercoledi\/news\/wp-json\/wp\/v2\/media\/8254"}],"wp:attachment":[{"href":"https:\/\/www.ilmercoledi.news\/ilmercoledi\/news\/wp-json\/wp\/v2\/media?parent=18065"}],"wp:term":[{"taxonomy":"category","embeddable":true,"href":"https:\/\/www.ilmercoledi.news\/ilmercoledi\/news\/wp-json\/wp\/v2\/categories?post=18065"},{"taxonomy":"post_tag","embeddable":true,"href":"https:\/\/www.ilmercoledi.news\/ilmercoledi\/news\/wp-json\/wp\/v2\/tags?post=18065"},{"taxonomy":"news-destination","embeddable":true,"href":"https:\/\/www.ilmercoledi.news\/ilmercoledi\/news\/wp-json\/wp\/v2\/news-destination?post=18065"},{"taxonomy":"news-source","embeddable":true,"href":"https:\/\/www.ilmercoledi.news\/ilmercoledi\/news\/wp-json\/wp\/v2\/news-source?post=18065"},{"taxonomy":"is_homepage","embeddable":true,"href":"https:\/\/www.ilmercoledi.news\/ilmercoledi\/news\/wp-json\/wp\/v2\/is_homepage?post=18065"},{"taxonomy":"ta_other","embeddable":true,"href":"https:\/\/www.ilmercoledi.news\/ilmercoledi\/news\/wp-json\/wp\/v2\/ta_other?post=18065"}],"curies":[{"name":"wp","href":"https:\/\/api.w.org\/{rel}","templated":true}]}}