{"id":18193,"date":"2019-05-02T09:44:24","date_gmt":"2019-05-02T07:44:24","guid":{"rendered":"http:\/\/euwps02.tecnavia.com\/ilmercoledi\/news\/?p=18193"},"modified":"2019-05-02T09:44:26","modified_gmt":"2019-05-02T07:44:26","slug":"via-alla-rassegna-destinazione-luna","status":"publish","type":"post","link":"https:\/\/www.ilmercoledi.news\/2019\/05\/02\/via-alla-rassegna-destinazione-luna\/","title":{"rendered":"Via alla rassegna: &#8220;Destinazione Luna&#8221;"},"content":{"rendered":"<p>Dal 2 al 19 maggio, presso la Palazzina SIVA di via Lein\u00ec 84, a Settimo Torinese, si svolger\u00e0 la rassegna Destinazione Luna, la quale inaugurazione ufficiale si svolger\u00e0 questo sabato, 4 maggio, alle 16, nella medesima location. Nell&#8217;ambito del Festival 365, mostra per i 50 anni del leggendario sbarco: documenti, oggetti originali e modelli della Missione Apollo 11. Esperienze in realt\u00e0 aumentata e videoproiezioni. Nel corso del pomeriggio sar\u00e0 possibile partecipare alla conferenza stampa di presentazione con il curatore Luigi Pizzimenti, visitare la mostra e partecipare al laboratorio LEGO Education Cartolina dalla luna per i bambini dai 6 anni. Per informazioni: www.festivaldellinnovazione.settimo-torinese.it eventi.archimede@fondazione-ecm.it<\/p>\n","protected":false},"excerpt":{"rendered":"","protected":false},"author":10,"featured_media":10420,"comment_status":"open","ping_status":"closed","sticky":false,"template":"","format":"standard","meta":[],"categories":[9],"tags":[],"news-destination":[],"news-source":[],"is_homepage":[],"ta_other":[],"_links":{"self":[{"href":"https:\/\/www.ilmercoledi.news\/ilmercoledi\/news\/wp-json\/wp\/v2\/posts\/18193"}],"collection":[{"href":"https:\/\/www.ilmercoledi.news\/ilmercoledi\/news\/wp-json\/wp\/v2\/posts"}],"about":[{"href":"https:\/\/www.ilmercoledi.news\/ilmercoledi\/news\/wp-json\/wp\/v2\/types\/post"}],"author":[{"embeddable":true,"href":"https:\/\/www.ilmercoledi.news\/ilmercoledi\/news\/wp-json\/wp\/v2\/users\/10"}],"replies":[{"embeddable":true,"href":"https:\/\/www.ilmercoledi.news\/ilmercoledi\/news\/wp-json\/wp\/v2\/comments?post=18193"}],"version-history":[{"count":1,"href":"https:\/\/www.ilmercoledi.news\/ilmercoledi\/news\/wp-json\/wp\/v2\/posts\/18193\/revisions"}],"predecessor-version":[{"id":18194,"href":"https:\/\/www.ilmercoledi.news\/ilmercoledi\/news\/wp-json\/wp\/v2\/posts\/18193\/revisions\/18194"}],"wp:featuredmedia":[{"embeddable":true,"href":"https:\/\/www.ilmercoledi.news\/ilmercoledi\/news\/wp-json\/wp\/v2\/media\/10420"}],"wp:attachment":[{"href":"https:\/\/www.ilmercoledi.news\/ilmercoledi\/news\/wp-json\/wp\/v2\/media?parent=18193"}],"wp:term":[{"taxonomy":"category","embeddable":true,"href":"https:\/\/www.ilmercoledi.news\/ilmercoledi\/news\/wp-json\/wp\/v2\/categories?post=18193"},{"taxonomy":"post_tag","embeddable":true,"href":"https:\/\/www.ilmercoledi.news\/ilmercoledi\/news\/wp-json\/wp\/v2\/tags?post=18193"},{"taxonomy":"news-destination","embeddable":true,"href":"https:\/\/www.ilmercoledi.news\/ilmercoledi\/news\/wp-json\/wp\/v2\/news-destination?post=18193"},{"taxonomy":"news-source","embeddable":true,"href":"https:\/\/www.ilmercoledi.news\/ilmercoledi\/news\/wp-json\/wp\/v2\/news-source?post=18193"},{"taxonomy":"is_homepage","embeddable":true,"href":"https:\/\/www.ilmercoledi.news\/ilmercoledi\/news\/wp-json\/wp\/v2\/is_homepage?post=18193"},{"taxonomy":"ta_other","embeddable":true,"href":"https:\/\/www.ilmercoledi.news\/ilmercoledi\/news\/wp-json\/wp\/v2\/ta_other?post=18193"}],"curies":[{"name":"wp","href":"https:\/\/api.w.org\/{rel}","templated":true}]}}