{"id":18271,"date":"2019-05-03T18:15:49","date_gmt":"2019-05-03T16:15:49","guid":{"rendered":"http:\/\/euwps02.tecnavia.com\/ilmercoledi\/news\/?p=18271"},"modified":"2019-05-03T18:15:51","modified_gmt":"2019-05-03T16:15:51","slug":"55-rally-delle-valli-ossolane-un-appuntamento-imperdibile","status":"publish","type":"post","link":"https:\/\/www.ilmercoledi.news\/2019\/05\/03\/55-rally-delle-valli-ossolane-un-appuntamento-imperdibile\/","title":{"rendered":"55\u00b0 Rally delle Valli Ossolane: un appuntamento imperdibile"},"content":{"rendered":"<p>MONCALIERI &#8211; Sebbene manchino ancora parecchi giorni all\u2019apertura delle iscrizioni, il Rally delle Valli Ossolane \u00e8 gi\u00e0 in cima alle discussioni dei piloti piemontesi e non solo.<\/p>\n<p>La curiosit\u00e0 e l\u2019attesa sono alte in virt\u00f9 del cambio di propriet\u00e0 della gara che a gennaio ha sancito una nuova svolta per il Valli Ossolane: dalla PSA la guida \u00e8 passata alla scuderia New Turbomark che in Piemonte organizza gi\u00e0 il 2Laghi, il Lana ed il Rubinetto.<\/p>\n<p>Senza stravolgere ci\u00f2 che il precedente organizzatore aveva iniziato ad impostare, la squadra capitanata dalla famiglia Zagami conferma Malesco come sede di gara, il comune pi\u00f9 popoloso della Valle Vigezzo; interamente su fondo asfaltato, il Valli Ossolane conferma la sua validit\u00e0 per il Campionato Assoluto Svizzero, contesto internazionale che aggiunge un ulteriore motivo di interesse visto l\u2019alto livello dei concorrenti elvetici.<\/p>\n<p>Iscrizioni agevolate \u2013 Le iscrizioni al Valli Ossolane si apriranno il giorno 24 maggio e si chiuderanno il 14 giugno; per tutti coloro che invieranno l\u2019iscrizione completa di pagamento durante la prima settimana, verr\u00e0 applicato uno sconto del 10% sulla tassa.<\/p>\n<p>Dettagli della gara\u2013 I giorni di gara del Valli Ossolane saranno sabato 22 e domenica 23 giugno; le ricognizioni autorizzate si potranno effettuare il giorni 15 ed il giorno 21 giugno; in totale si svolgeranno 120 chilometri cronometrati suddivisi in dieci prove speciali.<\/p>\n<p>Download PDF<\/p>\n","protected":false},"excerpt":{"rendered":"","protected":false},"author":10,"featured_media":12819,"comment_status":"open","ping_status":"closed","sticky":false,"template":"","format":"standard","meta":[],"categories":[10],"tags":[],"news-destination":[],"news-source":[],"is_homepage":[],"ta_other":[],"_links":{"self":[{"href":"https:\/\/www.ilmercoledi.news\/ilmercoledi\/news\/wp-json\/wp\/v2\/posts\/18271"}],"collection":[{"href":"https:\/\/www.ilmercoledi.news\/ilmercoledi\/news\/wp-json\/wp\/v2\/posts"}],"about":[{"href":"https:\/\/www.ilmercoledi.news\/ilmercoledi\/news\/wp-json\/wp\/v2\/types\/post"}],"author":[{"embeddable":true,"href":"https:\/\/www.ilmercoledi.news\/ilmercoledi\/news\/wp-json\/wp\/v2\/users\/10"}],"replies":[{"embeddable":true,"href":"https:\/\/www.ilmercoledi.news\/ilmercoledi\/news\/wp-json\/wp\/v2\/comments?post=18271"}],"version-history":[{"count":1,"href":"https:\/\/www.ilmercoledi.news\/ilmercoledi\/news\/wp-json\/wp\/v2\/posts\/18271\/revisions"}],"predecessor-version":[{"id":18272,"href":"https:\/\/www.ilmercoledi.news\/ilmercoledi\/news\/wp-json\/wp\/v2\/posts\/18271\/revisions\/18272"}],"wp:featuredmedia":[{"embeddable":true,"href":"https:\/\/www.ilmercoledi.news\/ilmercoledi\/news\/wp-json\/wp\/v2\/media\/12819"}],"wp:attachment":[{"href":"https:\/\/www.ilmercoledi.news\/ilmercoledi\/news\/wp-json\/wp\/v2\/media?parent=18271"}],"wp:term":[{"taxonomy":"category","embeddable":true,"href":"https:\/\/www.ilmercoledi.news\/ilmercoledi\/news\/wp-json\/wp\/v2\/categories?post=18271"},{"taxonomy":"post_tag","embeddable":true,"href":"https:\/\/www.ilmercoledi.news\/ilmercoledi\/news\/wp-json\/wp\/v2\/tags?post=18271"},{"taxonomy":"news-destination","embeddable":true,"href":"https:\/\/www.ilmercoledi.news\/ilmercoledi\/news\/wp-json\/wp\/v2\/news-destination?post=18271"},{"taxonomy":"news-source","embeddable":true,"href":"https:\/\/www.ilmercoledi.news\/ilmercoledi\/news\/wp-json\/wp\/v2\/news-source?post=18271"},{"taxonomy":"is_homepage","embeddable":true,"href":"https:\/\/www.ilmercoledi.news\/ilmercoledi\/news\/wp-json\/wp\/v2\/is_homepage?post=18271"},{"taxonomy":"ta_other","embeddable":true,"href":"https:\/\/www.ilmercoledi.news\/ilmercoledi\/news\/wp-json\/wp\/v2\/ta_other?post=18271"}],"curies":[{"name":"wp","href":"https:\/\/api.w.org\/{rel}","templated":true}]}}