{"id":18343,"date":"2019-05-06T17:07:08","date_gmt":"2019-05-06T15:07:08","guid":{"rendered":"http:\/\/euwps02.tecnavia.com\/ilmercoledi\/news\/?p=18343"},"modified":"2019-05-06T17:07:11","modified_gmt":"2019-05-06T15:07:11","slug":"moncalieri-convegno-e-giornata-sullambiente-al-castello","status":"publish","type":"post","link":"https:\/\/www.ilmercoledi.news\/2019\/05\/06\/moncalieri-convegno-e-giornata-sullambiente-al-castello\/","title":{"rendered":"MONCALIERI &#8211; Convegno e giornata sull\u2019ambiente al Castello"},"content":{"rendered":"<p>Gioved\u00ec 9 maggio a Moncalieri verr\u00e0 organizzata una giornata dedicata all\u2019ambiente, nell\u2019ambito di &#8220;Si puo\u2019 fare&#8221;: opportunit\u00e0 e responsabilit\u00e0 della green economy 2019, il progetto a favore dell\u2019impegno ambientale nelle sue varie forme, organizzato dall\u2019Associazione K\u00f2res in collaborazione con l\u2019Istituto Schol\u00e8 Futuro di Torino, con contributo della Citt\u00e0 di Moncalieri . Giunta al secondo anno di vita, la manifestazione 2019 vede la partecipazione di personalit\u00e0 quali Luca Mercalli , oltre a conservare la sua specifica attenzione verso i pi\u00f9 giovani. L\u2019ingresso all\u2019intera giornata \u00e8 gratuito fino a esaurimento dei posti disponibili . La giornata di studi ha lo scopo di sottolineare quanto sia importante coinvolgere cittadini e istituzioni nella difesa dell\u2019ambiente, in un confronto continuo ed efficace su tutela e valorizzazione. Il momento di maggior richiamo \u00e8 alle 14 in Sala della Regina, al Castello, dove a parlare di \u201c Legalit\u00e0, cura del bene comune, qualit\u00e0 della vita \u201d si incontrano Luca Mercalli , presidente della Societ\u00e0 Meteorologica italiana, esponenti del N.O.E. ( Nucleo Operativo Ecologico dei Carabinieri ), di AIAPP ( Associazione italiana Architettura del Paesaggio ), di I.S.D.E. ( International Society Doctor Environment<\/p>\n","protected":false},"excerpt":{"rendered":"","protected":false},"author":11,"featured_media":7318,"comment_status":"open","ping_status":"closed","sticky":false,"template":"","format":"standard","meta":[],"categories":[34],"tags":[],"news-destination":[],"news-source":[],"is_homepage":[],"ta_other":[],"_links":{"self":[{"href":"https:\/\/www.ilmercoledi.news\/ilmercoledi\/news\/wp-json\/wp\/v2\/posts\/18343"}],"collection":[{"href":"https:\/\/www.ilmercoledi.news\/ilmercoledi\/news\/wp-json\/wp\/v2\/posts"}],"about":[{"href":"https:\/\/www.ilmercoledi.news\/ilmercoledi\/news\/wp-json\/wp\/v2\/types\/post"}],"author":[{"embeddable":true,"href":"https:\/\/www.ilmercoledi.news\/ilmercoledi\/news\/wp-json\/wp\/v2\/users\/11"}],"replies":[{"embeddable":true,"href":"https:\/\/www.ilmercoledi.news\/ilmercoledi\/news\/wp-json\/wp\/v2\/comments?post=18343"}],"version-history":[{"count":1,"href":"https:\/\/www.ilmercoledi.news\/ilmercoledi\/news\/wp-json\/wp\/v2\/posts\/18343\/revisions"}],"predecessor-version":[{"id":18344,"href":"https:\/\/www.ilmercoledi.news\/ilmercoledi\/news\/wp-json\/wp\/v2\/posts\/18343\/revisions\/18344"}],"wp:featuredmedia":[{"embeddable":true,"href":"https:\/\/www.ilmercoledi.news\/ilmercoledi\/news\/wp-json\/wp\/v2\/media\/7318"}],"wp:attachment":[{"href":"https:\/\/www.ilmercoledi.news\/ilmercoledi\/news\/wp-json\/wp\/v2\/media?parent=18343"}],"wp:term":[{"taxonomy":"category","embeddable":true,"href":"https:\/\/www.ilmercoledi.news\/ilmercoledi\/news\/wp-json\/wp\/v2\/categories?post=18343"},{"taxonomy":"post_tag","embeddable":true,"href":"https:\/\/www.ilmercoledi.news\/ilmercoledi\/news\/wp-json\/wp\/v2\/tags?post=18343"},{"taxonomy":"news-destination","embeddable":true,"href":"https:\/\/www.ilmercoledi.news\/ilmercoledi\/news\/wp-json\/wp\/v2\/news-destination?post=18343"},{"taxonomy":"news-source","embeddable":true,"href":"https:\/\/www.ilmercoledi.news\/ilmercoledi\/news\/wp-json\/wp\/v2\/news-source?post=18343"},{"taxonomy":"is_homepage","embeddable":true,"href":"https:\/\/www.ilmercoledi.news\/ilmercoledi\/news\/wp-json\/wp\/v2\/is_homepage?post=18343"},{"taxonomy":"ta_other","embeddable":true,"href":"https:\/\/www.ilmercoledi.news\/ilmercoledi\/news\/wp-json\/wp\/v2\/ta_other?post=18343"}],"curies":[{"name":"wp","href":"https:\/\/api.w.org\/{rel}","templated":true}]}}