{"id":18466,"date":"2019-05-09T09:04:08","date_gmt":"2019-05-09T07:04:08","guid":{"rendered":"http:\/\/euwps02.tecnavia.com\/ilmercoledi\/news\/?p=18466"},"modified":"2019-05-09T09:04:11","modified_gmt":"2019-05-09T07:04:11","slug":"63-equipaggi-al-via-del-rally-team-971","status":"publish","type":"post","link":"https:\/\/www.ilmercoledi.news\/2019\/05\/09\/63-equipaggi-al-via-del-rally-team-971\/","title":{"rendered":"63 equipaggi al via del Rally Team 971"},"content":{"rendered":"<p>TORINO &#8211; La sfida \u00e8 pronta a partire. Curioso che i protagonisti annunciati siano pressoch\u00e9 identici allo scorso anno. Sessantatr\u00e9 equipaggi compongono l\u2019elenco iscritti del Rally Team numero 46. Una delle competizioni su strada capaci di possedere una tradizione e un  passato suggestivo \u00e8 pronta a richiamare il pubblico di appassionati che non ha certo dimenticato le sfide di un tempo. Quando le prove speciali abbracciavano quello stesso tratto di collina fra le province di Torino e Asti. Ad iniziare dalla mitica \u201cPanoramica\u201d per passare sui tratti di Casalborgone, Odalendo, Marentino. Il Rally Team 971 ha costruito la sua storia esaltante proprio qui. La 46\u00b0 edizione offre un ricco programma gi\u00e0 il sabato con le verifiche tecniche e lo shake down dove si inizia davvero a fare sul serio. La cerimonia di partenza con la passerella di presentazione in Piazza Vittorio porter\u00e0 equipaggi e vetture in Piazza Campidoglio dove al \u201cRitrovo di Bacco\u201d \u00e8 in programma un ricco apericena che chiuder\u00e0 la prima giornata.  La sfida agonistica inizier\u00e0 la domenica con la prova di Verrua Savoia che verr\u00e0 ripetuta tre volte (orari primo concorrente 9.06 \u2013 13.10 \u2013 16.35). A seguire il tratto di Moransengo (9.37-13.41 \u2013 17.06). Il primo giro si concluder\u00e0 con la Marentino che verr\u00e0  percorsa soltanto due volte (10.35 \u2013 18.04). L\u2019arrivo finale e la premiazione nuovamente in Piazza Vittorio a Settimo alle ore 18.39. Due i riordini e i parchi assistenza entrambi a Settimo. Con il numero 1 prenderanno il via Patrick Gagliasso e Dario Beltramo vincitori lo scorso anno i quali dovranno fare i conti con Jacopo Araldo in gara con Lorena Boero anche loro su una \u0160koda. Il podio del 2018 si completa con il torinese Stefano Giorgioni che sar\u00e0 in gara co Massimo Vasini. Al via dell\u2019edizione 2019 anche l\u2019astigiano Fredrick Fassio insieme ad Andrea Rossello su una Fiesta R5. Fra i locali sfida infuocata fra il chierese Marco Luison in gara su una Skoda con Annamaria Ammendola. Presenze settimesi decise a ben figurare anche con Paolo Porta e Gloria Andreis su una Ford Fiesta e Fabio Giagoni e Andrea Segir su una \u0160koda. In Super 1.6 un altra presenza da tenere in considerazione: quella del torinese Claudio Marenco gi\u00e0 protagonista delle edizioni precedenti  insieme a Marina Melella su una Clio Super 1.6.<\/p>\n","protected":false},"excerpt":{"rendered":"","protected":false},"author":10,"featured_media":18467,"comment_status":"open","ping_status":"closed","sticky":false,"template":"","format":"standard","meta":[],"categories":[10],"tags":[],"news-destination":[],"news-source":[],"is_homepage":[],"ta_other":[],"_links":{"self":[{"href":"https:\/\/www.ilmercoledi.news\/ilmercoledi\/news\/wp-json\/wp\/v2\/posts\/18466"}],"collection":[{"href":"https:\/\/www.ilmercoledi.news\/ilmercoledi\/news\/wp-json\/wp\/v2\/posts"}],"about":[{"href":"https:\/\/www.ilmercoledi.news\/ilmercoledi\/news\/wp-json\/wp\/v2\/types\/post"}],"author":[{"embeddable":true,"href":"https:\/\/www.ilmercoledi.news\/ilmercoledi\/news\/wp-json\/wp\/v2\/users\/10"}],"replies":[{"embeddable":true,"href":"https:\/\/www.ilmercoledi.news\/ilmercoledi\/news\/wp-json\/wp\/v2\/comments?post=18466"}],"version-history":[{"count":1,"href":"https:\/\/www.ilmercoledi.news\/ilmercoledi\/news\/wp-json\/wp\/v2\/posts\/18466\/revisions"}],"predecessor-version":[{"id":18468,"href":"https:\/\/www.ilmercoledi.news\/ilmercoledi\/news\/wp-json\/wp\/v2\/posts\/18466\/revisions\/18468"}],"wp:featuredmedia":[{"embeddable":true,"href":"https:\/\/www.ilmercoledi.news\/ilmercoledi\/news\/wp-json\/wp\/v2\/media\/18467"}],"wp:attachment":[{"href":"https:\/\/www.ilmercoledi.news\/ilmercoledi\/news\/wp-json\/wp\/v2\/media?parent=18466"}],"wp:term":[{"taxonomy":"category","embeddable":true,"href":"https:\/\/www.ilmercoledi.news\/ilmercoledi\/news\/wp-json\/wp\/v2\/categories?post=18466"},{"taxonomy":"post_tag","embeddable":true,"href":"https:\/\/www.ilmercoledi.news\/ilmercoledi\/news\/wp-json\/wp\/v2\/tags?post=18466"},{"taxonomy":"news-destination","embeddable":true,"href":"https:\/\/www.ilmercoledi.news\/ilmercoledi\/news\/wp-json\/wp\/v2\/news-destination?post=18466"},{"taxonomy":"news-source","embeddable":true,"href":"https:\/\/www.ilmercoledi.news\/ilmercoledi\/news\/wp-json\/wp\/v2\/news-source?post=18466"},{"taxonomy":"is_homepage","embeddable":true,"href":"https:\/\/www.ilmercoledi.news\/ilmercoledi\/news\/wp-json\/wp\/v2\/is_homepage?post=18466"},{"taxonomy":"ta_other","embeddable":true,"href":"https:\/\/www.ilmercoledi.news\/ilmercoledi\/news\/wp-json\/wp\/v2\/ta_other?post=18466"}],"curies":[{"name":"wp","href":"https:\/\/api.w.org\/{rel}","templated":true}]}}