{"id":18652,"date":"2019-05-16T07:58:16","date_gmt":"2019-05-16T05:58:16","guid":{"rendered":"http:\/\/euwps02.tecnavia.com\/ilmercoledi\/news\/?p=18652"},"modified":"2019-05-16T08:08:17","modified_gmt":"2019-05-16T06:08:17","slug":"santena-borgo-di-case-nuove-in-festa","status":"publish","type":"post","link":"https:\/\/www.ilmercoledi.news\/2019\/05\/16\/santena-borgo-di-case-nuove-in-festa\/","title":{"rendered":"SANTENA &#8211; Borgo di Case Nuove in festa"},"content":{"rendered":"<p>Il borgo di Case Nuove a Santena sar\u00e0 in festa domenica 26 maggio. Le celebrazioni sono organizzate dalla Parrocchia Santi Pietro e Paolo Apostoli col patrocinio del Comune. Alle 10,15 nella chiesa Cuore Immacolato di Maria (via Cristoforo Colombo 17) si svolger\u00e0 la Santa Messa solenne per tutta la comunit\u00e0 di Case Nuove e per i defunti del borgo. Seguir\u00e0 la processione con la statua della Madonna per le vie del borgo che percorrer\u00e0 via Colombo, via Polo, e via Vespucci per poi rientrare in\u00a0via Colombo. La festa proseguir\u00e0 dalle 15 con intrattenimento musicale, animazione per bambini, rottura delle pignatte, calcio balilla, giochi vari per adulti, gara a carte di &#8220;scopa&#8221; e tante altre sorprese. Si svolger\u00e0 anche una gara di torte. Chi vorr\u00e0 partecipare dovr\u00e0 consegnarla in chiesa entro le 14,30 e dopo la premiazione le torte verranno distribuite ai presenti. Seguir\u00e0 una merenda per tutti e dalle 19,30 verranno distribuiti i panini con la salsiccia<\/p>\n","protected":false},"excerpt":{"rendered":"","protected":false},"author":11,"featured_media":18653,"comment_status":"open","ping_status":"closed","sticky":false,"template":"","format":"standard","meta":[],"categories":[34],"tags":[],"news-destination":[],"news-source":[],"is_homepage":[],"ta_other":[],"_links":{"self":[{"href":"https:\/\/www.ilmercoledi.news\/ilmercoledi\/news\/wp-json\/wp\/v2\/posts\/18652"}],"collection":[{"href":"https:\/\/www.ilmercoledi.news\/ilmercoledi\/news\/wp-json\/wp\/v2\/posts"}],"about":[{"href":"https:\/\/www.ilmercoledi.news\/ilmercoledi\/news\/wp-json\/wp\/v2\/types\/post"}],"author":[{"embeddable":true,"href":"https:\/\/www.ilmercoledi.news\/ilmercoledi\/news\/wp-json\/wp\/v2\/users\/11"}],"replies":[{"embeddable":true,"href":"https:\/\/www.ilmercoledi.news\/ilmercoledi\/news\/wp-json\/wp\/v2\/comments?post=18652"}],"version-history":[{"count":1,"href":"https:\/\/www.ilmercoledi.news\/ilmercoledi\/news\/wp-json\/wp\/v2\/posts\/18652\/revisions"}],"predecessor-version":[{"id":18654,"href":"https:\/\/www.ilmercoledi.news\/ilmercoledi\/news\/wp-json\/wp\/v2\/posts\/18652\/revisions\/18654"}],"wp:featuredmedia":[{"embeddable":true,"href":"https:\/\/www.ilmercoledi.news\/ilmercoledi\/news\/wp-json\/wp\/v2\/media\/18653"}],"wp:attachment":[{"href":"https:\/\/www.ilmercoledi.news\/ilmercoledi\/news\/wp-json\/wp\/v2\/media?parent=18652"}],"wp:term":[{"taxonomy":"category","embeddable":true,"href":"https:\/\/www.ilmercoledi.news\/ilmercoledi\/news\/wp-json\/wp\/v2\/categories?post=18652"},{"taxonomy":"post_tag","embeddable":true,"href":"https:\/\/www.ilmercoledi.news\/ilmercoledi\/news\/wp-json\/wp\/v2\/tags?post=18652"},{"taxonomy":"news-destination","embeddable":true,"href":"https:\/\/www.ilmercoledi.news\/ilmercoledi\/news\/wp-json\/wp\/v2\/news-destination?post=18652"},{"taxonomy":"news-source","embeddable":true,"href":"https:\/\/www.ilmercoledi.news\/ilmercoledi\/news\/wp-json\/wp\/v2\/news-source?post=18652"},{"taxonomy":"is_homepage","embeddable":true,"href":"https:\/\/www.ilmercoledi.news\/ilmercoledi\/news\/wp-json\/wp\/v2\/is_homepage?post=18652"},{"taxonomy":"ta_other","embeddable":true,"href":"https:\/\/www.ilmercoledi.news\/ilmercoledi\/news\/wp-json\/wp\/v2\/ta_other?post=18652"}],"curies":[{"name":"wp","href":"https:\/\/api.w.org\/{rel}","templated":true}]}}