{"id":18655,"date":"2019-05-16T08:00:33","date_gmt":"2019-05-16T06:00:33","guid":{"rendered":"http:\/\/euwps02.tecnavia.com\/ilmercoledi\/news\/?p=18655"},"modified":"2019-05-16T14:44:19","modified_gmt":"2019-05-16T12:44:19","slug":"santena-venerdi-appuntamento-con-la-strasparago","status":"publish","type":"post","link":"https:\/\/www.ilmercoledi.news\/2019\/05\/16\/santena-venerdi-appuntamento-con-la-strasparago\/","title":{"rendered":"SANTENA &#8211; Venerd\u00ec appuntamento con la &#8220;Strasparago&#8221;"},"content":{"rendered":"<p>Corsa podistica domani, 17 maggio, alle 18 a Santena, organizzata dall&#8217;Associazione Torino Club Santena Granata con partenza ed arrivo in piazza Martiri della Libert\u00e0. La gara si svolger\u00e0 su un percorso di sterrato ed asfalto ma in caso di maltempo gli organizzatori si riserveranno di modificare il percorso. Alle 18 \u00e8 previsto il ritrovo dei partecipanti alla camminata non competitiva che si svolger\u00e0 su un percorso di 4 chilometri e che prender\u00e0 il via alle 18,30. La corsa vera e propria, invece, si disputer\u00e0 su un percorso di 8 chilometri con ritrovo fissato alle 18,30 e partenza alle 19. E&#8217; possibile iscriversi presso l&#8217;Ottica Matteotti di via Cavour 54 oppure all&#8217;edicola &#8220;L&#8217;Informazione di Alfredo&#8221; in piazza Martiri della Libert\u00e0. Per i ritardatari sar\u00e0 comunque possibile effettuare l&#8217;iscrizione direttamente il 17 maggio prima della partenza<\/p>\n","protected":false},"excerpt":{"rendered":"","protected":false},"author":11,"featured_media":18656,"comment_status":"open","ping_status":"closed","sticky":false,"template":"","format":"standard","meta":[],"categories":[34],"tags":[],"news-destination":[],"news-source":[],"is_homepage":[],"ta_other":[],"_links":{"self":[{"href":"https:\/\/www.ilmercoledi.news\/ilmercoledi\/news\/wp-json\/wp\/v2\/posts\/18655"}],"collection":[{"href":"https:\/\/www.ilmercoledi.news\/ilmercoledi\/news\/wp-json\/wp\/v2\/posts"}],"about":[{"href":"https:\/\/www.ilmercoledi.news\/ilmercoledi\/news\/wp-json\/wp\/v2\/types\/post"}],"author":[{"embeddable":true,"href":"https:\/\/www.ilmercoledi.news\/ilmercoledi\/news\/wp-json\/wp\/v2\/users\/11"}],"replies":[{"embeddable":true,"href":"https:\/\/www.ilmercoledi.news\/ilmercoledi\/news\/wp-json\/wp\/v2\/comments?post=18655"}],"version-history":[{"count":1,"href":"https:\/\/www.ilmercoledi.news\/ilmercoledi\/news\/wp-json\/wp\/v2\/posts\/18655\/revisions"}],"predecessor-version":[{"id":18657,"href":"https:\/\/www.ilmercoledi.news\/ilmercoledi\/news\/wp-json\/wp\/v2\/posts\/18655\/revisions\/18657"}],"wp:featuredmedia":[{"embeddable":true,"href":"https:\/\/www.ilmercoledi.news\/ilmercoledi\/news\/wp-json\/wp\/v2\/media\/18656"}],"wp:attachment":[{"href":"https:\/\/www.ilmercoledi.news\/ilmercoledi\/news\/wp-json\/wp\/v2\/media?parent=18655"}],"wp:term":[{"taxonomy":"category","embeddable":true,"href":"https:\/\/www.ilmercoledi.news\/ilmercoledi\/news\/wp-json\/wp\/v2\/categories?post=18655"},{"taxonomy":"post_tag","embeddable":true,"href":"https:\/\/www.ilmercoledi.news\/ilmercoledi\/news\/wp-json\/wp\/v2\/tags?post=18655"},{"taxonomy":"news-destination","embeddable":true,"href":"https:\/\/www.ilmercoledi.news\/ilmercoledi\/news\/wp-json\/wp\/v2\/news-destination?post=18655"},{"taxonomy":"news-source","embeddable":true,"href":"https:\/\/www.ilmercoledi.news\/ilmercoledi\/news\/wp-json\/wp\/v2\/news-source?post=18655"},{"taxonomy":"is_homepage","embeddable":true,"href":"https:\/\/www.ilmercoledi.news\/ilmercoledi\/news\/wp-json\/wp\/v2\/is_homepage?post=18655"},{"taxonomy":"ta_other","embeddable":true,"href":"https:\/\/www.ilmercoledi.news\/ilmercoledi\/news\/wp-json\/wp\/v2\/ta_other?post=18655"}],"curies":[{"name":"wp","href":"https:\/\/api.w.org\/{rel}","templated":true}]}}