{"id":18869,"date":"2019-05-21T19:33:38","date_gmt":"2019-05-21T17:33:38","guid":{"rendered":"http:\/\/euwps02.tecnavia.com\/ilmercoledi\/news\/?p=18869"},"modified":"2019-05-22T08:10:45","modified_gmt":"2019-05-22T06:10:45","slug":"nichelino-in-biblioteca-con-un-volto-storico-del-giornalismo-piemontese","status":"publish","type":"post","link":"https:\/\/www.ilmercoledi.news\/2019\/05\/21\/nichelino-in-biblioteca-con-un-volto-storico-del-giornalismo-piemontese\/","title":{"rendered":"NICHELINO &#8211; In biblioteca con un volto storico del giornalismo piemontese"},"content":{"rendered":"<p>Questa sera, marted\u00ec 21 maggio alle 20.45 nella\u00a0Biblioteca Giovanni Arpino, in via Turati 4\/8, ci sar\u00e0 l&#8217;incontro con uno dei volti televisivi del Tg3 Piemonte: il giornalista Orlando Perera. Presenter\u00e0 il suo libro &#8220;Gentili telespettatori del Piemonte&#8230;Cinque decenni di telegiornali e varia umanit\u00e0&#8221;. &#8220;Tutto comincia con la morte di un cane. Quasi cinquant&#8217;anni di carriera giornalistica raccontati con\u00a0ironia attraverso i testi di servizi televisivi, articoli di giornale, post su Facebook, capitoli di libri. Un racconto che riassume non solo la vicenda professionale dell&#8217;autore, popolare volto televisivo, per oltre trent&#8217;anni conduttore del Tg del Piemonte, in quella che chiama &#8220;La scatola magica di via Verdi&#8221;. Nei testi c&#8217;\u00e8 anche la storia recente di Torino e in parte dell&#8217;Italia, dagli anni bui del terrorismo e dei grandi processi ai brigatisti, agli storici scontri sindacali, alla citt\u00e0 post-industriale dei Giochi Invernali, della cultura e del terziario, fino alle incertezze e alle paure del presente. Senza trascurare due grandi passioni dell&#8217;autore, la musica e la buona cucina, indagati con occhio non meno smaliziato. Un&#8217;occasione per riflettere sul mestiere del giornalista, sulla crisi che oggi coinvolge i media tradizionali, soprattutto la carta stampata, e sulla perdita di ruolo delle nuove generazioni. Una dichiarazione d&#8217;amore per quello che era, e forse potrebbe essere ancora, il mestiere pi\u00f9 bello del mondo, ma che deve riconquistare molte posizioni perdute. Il mondo \u00e8 cambiato in fretta e il giornalismo non \u00e8 riuscito a tenere il passo con le nuove tecnologie. La lunga esperienza dell&#8217;autore \u00e8 anche un messaggio di fiducia nel futuro. Una societ\u00e0 libera non pu\u00f2 fare a meno di un giornalismo libero e garantito.&#8221; Ingresso libero.<\/p>\n","protected":false},"excerpt":{"rendered":"","protected":false},"author":11,"featured_media":18870,"comment_status":"open","ping_status":"closed","sticky":false,"template":"","format":"standard","meta":[],"categories":[34],"tags":[],"news-destination":[],"news-source":[],"is_homepage":[],"ta_other":[],"_links":{"self":[{"href":"https:\/\/www.ilmercoledi.news\/ilmercoledi\/news\/wp-json\/wp\/v2\/posts\/18869"}],"collection":[{"href":"https:\/\/www.ilmercoledi.news\/ilmercoledi\/news\/wp-json\/wp\/v2\/posts"}],"about":[{"href":"https:\/\/www.ilmercoledi.news\/ilmercoledi\/news\/wp-json\/wp\/v2\/types\/post"}],"author":[{"embeddable":true,"href":"https:\/\/www.ilmercoledi.news\/ilmercoledi\/news\/wp-json\/wp\/v2\/users\/11"}],"replies":[{"embeddable":true,"href":"https:\/\/www.ilmercoledi.news\/ilmercoledi\/news\/wp-json\/wp\/v2\/comments?post=18869"}],"version-history":[{"count":1,"href":"https:\/\/www.ilmercoledi.news\/ilmercoledi\/news\/wp-json\/wp\/v2\/posts\/18869\/revisions"}],"predecessor-version":[{"id":18871,"href":"https:\/\/www.ilmercoledi.news\/ilmercoledi\/news\/wp-json\/wp\/v2\/posts\/18869\/revisions\/18871"}],"wp:featuredmedia":[{"embeddable":true,"href":"https:\/\/www.ilmercoledi.news\/ilmercoledi\/news\/wp-json\/wp\/v2\/media\/18870"}],"wp:attachment":[{"href":"https:\/\/www.ilmercoledi.news\/ilmercoledi\/news\/wp-json\/wp\/v2\/media?parent=18869"}],"wp:term":[{"taxonomy":"category","embeddable":true,"href":"https:\/\/www.ilmercoledi.news\/ilmercoledi\/news\/wp-json\/wp\/v2\/categories?post=18869"},{"taxonomy":"post_tag","embeddable":true,"href":"https:\/\/www.ilmercoledi.news\/ilmercoledi\/news\/wp-json\/wp\/v2\/tags?post=18869"},{"taxonomy":"news-destination","embeddable":true,"href":"https:\/\/www.ilmercoledi.news\/ilmercoledi\/news\/wp-json\/wp\/v2\/news-destination?post=18869"},{"taxonomy":"news-source","embeddable":true,"href":"https:\/\/www.ilmercoledi.news\/ilmercoledi\/news\/wp-json\/wp\/v2\/news-source?post=18869"},{"taxonomy":"is_homepage","embeddable":true,"href":"https:\/\/www.ilmercoledi.news\/ilmercoledi\/news\/wp-json\/wp\/v2\/is_homepage?post=18869"},{"taxonomy":"ta_other","embeddable":true,"href":"https:\/\/www.ilmercoledi.news\/ilmercoledi\/news\/wp-json\/wp\/v2\/ta_other?post=18869"}],"curies":[{"name":"wp","href":"https:\/\/api.w.org\/{rel}","templated":true}]}}