{"id":19310,"date":"2019-06-05T09:16:49","date_gmt":"2019-06-05T07:16:49","guid":{"rendered":"http:\/\/euwps02.tecnavia.com\/ilmercoledi\/news\/?p=19310"},"modified":"2019-06-05T09:16:52","modified_gmt":"2019-06-05T07:16:52","slug":"motori-alberto-meregalli-lalfiere-de-il-mercoledi-racing-team-al-drift-kings-italy","status":"publish","type":"post","link":"https:\/\/www.ilmercoledi.news\/2019\/06\/05\/motori-alberto-meregalli-lalfiere-de-il-mercoledi-racing-team-al-drift-kings-italy\/","title":{"rendered":"MOTORI &#8211; Alberto Meregalli: l\u2019alfiere de il Mercoled\u00ec Racing Team al Drift Kings Italy"},"content":{"rendered":"<p>MONCALIERI &#8211; A quale et\u00e0 si palesa la passione che ci segner\u00e0 per tutta la vita? Alberto Meregalli, giovane driver di Moncalieri, non \u00e8 in grado di dirlo: per quanto si ricorda ama le auto da sempre, fin da quando era piccolissimo. E ora che di anni ne ha 18 quel suo amore lo ha trasformato in qualcosa di concreto: pilotare in pista nell\u2019ambito del \u00abDrift Kings Italy\u00bb mini campionato di velocit\u00e0 su pista suddiviso in quattro round al quale \u00e8 approdato con la sua Nissan 350z, un bolide preparato dalla factory dell\u2019HP Garage di Udine e inserito nella categoria Pro2 Auto, sezione che Alberto si \u00e8 aggiudicato in occasione della seconda prova della kermesse, svoltasi nei giorni scorsi sul circuito di Modena. Un risultato che per un quasi esordiente come lui vale moltissimo, anche se il suo successo non \u00e8 stata una sorpresa: che aveva classe infatti lo si era gi\u00e0 capito quando, ancora 17enne, aveva vissuto il suo battesimo del fuoco sul \u00abring\u00bb di Castelletto di Branduzzo, dove sempre nell\u2019ambito della Drift King aveva conquistato la Street Open, categoria in cui si corre con le vetture originali. Difatti in quell\u2019occasione la sua 350z erogava \u00absolo\u00bb i 280 cavalli di serie, che lui aveva comunque saputo domare con piglio da professionista. Ma dopo il trattamento dei ragazzi del \u00abGarage\u00bb friulano la filante Nissan del giovane alfiere de il Mercoled\u00ec Racing Team sotto il cofano di destrieri ne ha 505, quindi si \u00e8 cominciato a fare veramente sul serio. E come abbiamo detto il risultato \u00e8 stato una vittoria, forse inattesa ma certamente molto apprezzata e assai galvanizzante. Non a caso Alberto si \u00e8 gi\u00e0 segnato in agenda le date rimanenti della Drift: 13 luglio e 19 ottobre, entrambe sulla pista di Adria. Un nuovo acquisto interessante per il team griffato dal nostro settimanale. Lo terremo sicuramente d\u2019occhio.<\/p>\n","protected":false},"excerpt":{"rendered":"","protected":false},"author":10,"featured_media":19311,"comment_status":"open","ping_status":"closed","sticky":false,"template":"","format":"standard","meta":[],"categories":[10],"tags":[],"news-destination":[],"news-source":[],"is_homepage":[],"ta_other":[],"_links":{"self":[{"href":"https:\/\/www.ilmercoledi.news\/ilmercoledi\/news\/wp-json\/wp\/v2\/posts\/19310"}],"collection":[{"href":"https:\/\/www.ilmercoledi.news\/ilmercoledi\/news\/wp-json\/wp\/v2\/posts"}],"about":[{"href":"https:\/\/www.ilmercoledi.news\/ilmercoledi\/news\/wp-json\/wp\/v2\/types\/post"}],"author":[{"embeddable":true,"href":"https:\/\/www.ilmercoledi.news\/ilmercoledi\/news\/wp-json\/wp\/v2\/users\/10"}],"replies":[{"embeddable":true,"href":"https:\/\/www.ilmercoledi.news\/ilmercoledi\/news\/wp-json\/wp\/v2\/comments?post=19310"}],"version-history":[{"count":1,"href":"https:\/\/www.ilmercoledi.news\/ilmercoledi\/news\/wp-json\/wp\/v2\/posts\/19310\/revisions"}],"predecessor-version":[{"id":19312,"href":"https:\/\/www.ilmercoledi.news\/ilmercoledi\/news\/wp-json\/wp\/v2\/posts\/19310\/revisions\/19312"}],"wp:featuredmedia":[{"embeddable":true,"href":"https:\/\/www.ilmercoledi.news\/ilmercoledi\/news\/wp-json\/wp\/v2\/media\/19311"}],"wp:attachment":[{"href":"https:\/\/www.ilmercoledi.news\/ilmercoledi\/news\/wp-json\/wp\/v2\/media?parent=19310"}],"wp:term":[{"taxonomy":"category","embeddable":true,"href":"https:\/\/www.ilmercoledi.news\/ilmercoledi\/news\/wp-json\/wp\/v2\/categories?post=19310"},{"taxonomy":"post_tag","embeddable":true,"href":"https:\/\/www.ilmercoledi.news\/ilmercoledi\/news\/wp-json\/wp\/v2\/tags?post=19310"},{"taxonomy":"news-destination","embeddable":true,"href":"https:\/\/www.ilmercoledi.news\/ilmercoledi\/news\/wp-json\/wp\/v2\/news-destination?post=19310"},{"taxonomy":"news-source","embeddable":true,"href":"https:\/\/www.ilmercoledi.news\/ilmercoledi\/news\/wp-json\/wp\/v2\/news-source?post=19310"},{"taxonomy":"is_homepage","embeddable":true,"href":"https:\/\/www.ilmercoledi.news\/ilmercoledi\/news\/wp-json\/wp\/v2\/is_homepage?post=19310"},{"taxonomy":"ta_other","embeddable":true,"href":"https:\/\/www.ilmercoledi.news\/ilmercoledi\/news\/wp-json\/wp\/v2\/ta_other?post=19310"}],"curies":[{"name":"wp","href":"https:\/\/api.w.org\/{rel}","templated":true}]}}