{"id":19424,"date":"2019-06-09T23:02:23","date_gmt":"2019-06-09T21:02:23","guid":{"rendered":"http:\/\/euwps02.tecnavia.com\/ilmercoledi\/news\/?p=19424"},"modified":"2019-06-09T23:02:25","modified_gmt":"2019-06-09T21:02:25","slug":"carmagnola-letti-di-notte-va-in-vetrina","status":"publish","type":"post","link":"https:\/\/www.ilmercoledi.news\/2019\/06\/09\/carmagnola-letti-di-notte-va-in-vetrina\/","title":{"rendered":"CARMAGNOLA &#8211; Letti di Notte va in vetrina"},"content":{"rendered":"<p>CARMAGNOLA &#8211; Mancano ormai pochi giorni, anzi \u00e8 meglio contare in ore, il momento in cui l\u2019edizione 2019 di \u201cLetti di Notte\u201d alzer\u00e0 il sipario alla Cascina Vigna di Carmagnola, marted\u00ec prossimo 11 giugno alle ore 21. Ma la kermesse letteraria carmagnolese \u00e8 gi\u00e0 scattata sui social con il challenge \u201cLetti di Notte va in vetrina\u201d la sfida fra gli esercizi commerciali carmagnolesi che hanno allestito le loro vetrine con libri e citazioni di \u201cLetti di Notte\u201d 2019 associati ai loro prodotti.<br \/>\nLa foto della vetrina che avr\u00e0 ottenuto il maggior numero di \u201cmi piace\u201d sulla pagina di \u201cLetti di Notte\u201d e del \u201cGruppo di Lettura Carmagnola\u201d regaler\u00e0 ai commercianti che l\u2019hanno allestita un soggiorno di un weekend a Malta per due persone offerto da Ingirula Viaggi (Via Valobra, 103 Carmagnola, tel. 011 971.5344; www.ingirulaviaggi.biz; ingirula@inwind.it).<br \/>\nSi potr\u00e0 votare dal 1\u00b0 al 15 giugno, ovvero fino alla fine delle serate di \u201cLetti di Notte\u201d. L\u2019edizione 2018 del premio ha visto il successo della vetrina era realizzata da \u201cIl Salotto di Rita\u201d, parrucchieri per donna di Piazza Domenico Berti a Carmagnola.<\/p>\n<p>Il programma di \u201cLetti di Notte\u201d 2019<\/p>\n<p>Marted\u00ec 11 giugno \u2013 Veronica Pivetti, intervista da Mimma Caligaris, giornalista de \u201cIl Piccolo\u201d<br \/>\nMercoled\u00ec 12 giugno \u2013 Tiziana Ferrario, intervistata da Roberta Pellegrini, direttrice dell\u2019Associazione Stampa Subalpina<br \/>\nGioved\u00ec 13 giugno \u2013 Cristina Brondoni, intervistata da Alessandra Comazzi, giornalista e critica televisiva<br \/>\nVenerd\u00ec 14 giugno \u2013 Catena Fiorello, intervistata da Cristina Mazzariella, giornalista di \u201cTargato CN\u201d<br \/>\nSabato 15 giugno \u2013 Federica Angeli, intervistata da Marco Giacosa, giornalista e blogger<br \/>\nTutti gli appuntamenti si svolgeranno nel cortile del Parco della Cascina Vigna di Carmagnola, via San Francesco di Sales, 168. L\u2019ingresso \u00e8 libero.<\/p>\n","protected":false},"excerpt":{"rendered":"","protected":false},"author":10,"featured_media":19427,"comment_status":"open","ping_status":"closed","sticky":false,"template":"","format":"standard","meta":[],"categories":[34,9],"tags":[],"news-destination":[],"news-source":[],"is_homepage":[],"ta_other":[],"_links":{"self":[{"href":"https:\/\/www.ilmercoledi.news\/ilmercoledi\/news\/wp-json\/wp\/v2\/posts\/19424"}],"collection":[{"href":"https:\/\/www.ilmercoledi.news\/ilmercoledi\/news\/wp-json\/wp\/v2\/posts"}],"about":[{"href":"https:\/\/www.ilmercoledi.news\/ilmercoledi\/news\/wp-json\/wp\/v2\/types\/post"}],"author":[{"embeddable":true,"href":"https:\/\/www.ilmercoledi.news\/ilmercoledi\/news\/wp-json\/wp\/v2\/users\/10"}],"replies":[{"embeddable":true,"href":"https:\/\/www.ilmercoledi.news\/ilmercoledi\/news\/wp-json\/wp\/v2\/comments?post=19424"}],"version-history":[{"count":1,"href":"https:\/\/www.ilmercoledi.news\/ilmercoledi\/news\/wp-json\/wp\/v2\/posts\/19424\/revisions"}],"predecessor-version":[{"id":19428,"href":"https:\/\/www.ilmercoledi.news\/ilmercoledi\/news\/wp-json\/wp\/v2\/posts\/19424\/revisions\/19428"}],"wp:featuredmedia":[{"embeddable":true,"href":"https:\/\/www.ilmercoledi.news\/ilmercoledi\/news\/wp-json\/wp\/v2\/media\/19427"}],"wp:attachment":[{"href":"https:\/\/www.ilmercoledi.news\/ilmercoledi\/news\/wp-json\/wp\/v2\/media?parent=19424"}],"wp:term":[{"taxonomy":"category","embeddable":true,"href":"https:\/\/www.ilmercoledi.news\/ilmercoledi\/news\/wp-json\/wp\/v2\/categories?post=19424"},{"taxonomy":"post_tag","embeddable":true,"href":"https:\/\/www.ilmercoledi.news\/ilmercoledi\/news\/wp-json\/wp\/v2\/tags?post=19424"},{"taxonomy":"news-destination","embeddable":true,"href":"https:\/\/www.ilmercoledi.news\/ilmercoledi\/news\/wp-json\/wp\/v2\/news-destination?post=19424"},{"taxonomy":"news-source","embeddable":true,"href":"https:\/\/www.ilmercoledi.news\/ilmercoledi\/news\/wp-json\/wp\/v2\/news-source?post=19424"},{"taxonomy":"is_homepage","embeddable":true,"href":"https:\/\/www.ilmercoledi.news\/ilmercoledi\/news\/wp-json\/wp\/v2\/is_homepage?post=19424"},{"taxonomy":"ta_other","embeddable":true,"href":"https:\/\/www.ilmercoledi.news\/ilmercoledi\/news\/wp-json\/wp\/v2\/ta_other?post=19424"}],"curies":[{"name":"wp","href":"https:\/\/api.w.org\/{rel}","templated":true}]}}