{"id":19496,"date":"2019-06-11T09:15:58","date_gmt":"2019-06-11T07:15:58","guid":{"rendered":"http:\/\/euwps02.tecnavia.com\/ilmercoledi\/news\/?p=19496"},"modified":"2019-06-11T09:15:59","modified_gmt":"2019-06-11T07:15:59","slug":"rally-presentato-il-55-valli-ossolane","status":"publish","type":"post","link":"https:\/\/www.ilmercoledi.news\/2019\/06\/11\/rally-presentato-il-55-valli-ossolane\/","title":{"rendered":"RALLY &#8211; Presentato il 55\u00b0 Valli Ossolane"},"content":{"rendered":"<p>Il Valli Ossolane suscita sempre grande interesse e il numeroso pubblico presente alla serata di sabato 8 giugno lo ha dimostrato ancora una volta. Presso il Ristorante La Peschiera di Malesco gli organizzatori della New Turbomark hanno dato appuntamento a stampa, autorit\u00e0, piloti e tifosi per svelare l\u2019edizione 2019 che si svolger\u00e0 tra sabato 22 e domenica 23 giugno prossimi.<br \/>\nPresentazione \u2013 A fare gli onori di casa \u00e8 stata la famiglia Zagami che da quest\u2019anno ha acquisito la corsa piemontese dalla PSA. Anche Paolo Fortunati, a capo del gruppo organizzatore delle ultime sedici edizioni, ha presenziato alla serata per un passaggio di consegne formale; Fortunati ha raccontato come si \u00e8 giunti a questa svolta. \u201cDa tre anni la New Turbomark voleva che gli cedessi il Valli Ossolane ma ho sempre rifiutato. Ora era il momento giusto e sono contento perch\u00e9 vedo che sono un gruppo affiatato e che sa come lavorare e come accontentare un pubblico esigente come quello dell\u2019Ossola. Io non ce l\u2019ho mai fatta a fare una corsa da centoventi chilometri: \u00e8 evidente che loro hanno lavorato fortemente con il territorio per arrivare a tanto!\u201d<br \/>\nSoddisfazione anche da parte di Giuseppe Zagami: \u201cNon nascondo che per me si realizza un sogno: dedico questo traguardo alla mia famiglia e ai miei collaboratori: siamo ambiziosi e vogliamo portare in alto questo rally: una titolarit\u00e0 tricolore se la merita!\u201d<br \/>\nEnrico Barbazza, sindaco di Malesco: \u201cSiamo felici che anche quest\u2019anno il Valli abbia Malesco come suo cuore nevralgico; crediamo fortemente nel ritorno che porta questo rally e siamo stati subito pronti a collaborare con la New Turbomark\u201d.<br \/>\nSono intervenuti anche tre concorrenti: Andrea Dresti, navigatore di Fabrizio Margaroli, Davide Caffoni e Marco Laurini: tutti hanno esaltato le difficolt\u00e0 di una gara lunga e impegnativa che potr\u00e0 risultare decisa gi\u00e0 dopo le quattro prove del sabato.<\/p>\n","protected":false},"excerpt":{"rendered":"","protected":false},"author":10,"featured_media":19497,"comment_status":"open","ping_status":"closed","sticky":false,"template":"","format":"standard","meta":[],"categories":[10],"tags":[],"news-destination":[],"news-source":[],"is_homepage":[],"ta_other":[],"_links":{"self":[{"href":"https:\/\/www.ilmercoledi.news\/ilmercoledi\/news\/wp-json\/wp\/v2\/posts\/19496"}],"collection":[{"href":"https:\/\/www.ilmercoledi.news\/ilmercoledi\/news\/wp-json\/wp\/v2\/posts"}],"about":[{"href":"https:\/\/www.ilmercoledi.news\/ilmercoledi\/news\/wp-json\/wp\/v2\/types\/post"}],"author":[{"embeddable":true,"href":"https:\/\/www.ilmercoledi.news\/ilmercoledi\/news\/wp-json\/wp\/v2\/users\/10"}],"replies":[{"embeddable":true,"href":"https:\/\/www.ilmercoledi.news\/ilmercoledi\/news\/wp-json\/wp\/v2\/comments?post=19496"}],"version-history":[{"count":1,"href":"https:\/\/www.ilmercoledi.news\/ilmercoledi\/news\/wp-json\/wp\/v2\/posts\/19496\/revisions"}],"predecessor-version":[{"id":19498,"href":"https:\/\/www.ilmercoledi.news\/ilmercoledi\/news\/wp-json\/wp\/v2\/posts\/19496\/revisions\/19498"}],"wp:featuredmedia":[{"embeddable":true,"href":"https:\/\/www.ilmercoledi.news\/ilmercoledi\/news\/wp-json\/wp\/v2\/media\/19497"}],"wp:attachment":[{"href":"https:\/\/www.ilmercoledi.news\/ilmercoledi\/news\/wp-json\/wp\/v2\/media?parent=19496"}],"wp:term":[{"taxonomy":"category","embeddable":true,"href":"https:\/\/www.ilmercoledi.news\/ilmercoledi\/news\/wp-json\/wp\/v2\/categories?post=19496"},{"taxonomy":"post_tag","embeddable":true,"href":"https:\/\/www.ilmercoledi.news\/ilmercoledi\/news\/wp-json\/wp\/v2\/tags?post=19496"},{"taxonomy":"news-destination","embeddable":true,"href":"https:\/\/www.ilmercoledi.news\/ilmercoledi\/news\/wp-json\/wp\/v2\/news-destination?post=19496"},{"taxonomy":"news-source","embeddable":true,"href":"https:\/\/www.ilmercoledi.news\/ilmercoledi\/news\/wp-json\/wp\/v2\/news-source?post=19496"},{"taxonomy":"is_homepage","embeddable":true,"href":"https:\/\/www.ilmercoledi.news\/ilmercoledi\/news\/wp-json\/wp\/v2\/is_homepage?post=19496"},{"taxonomy":"ta_other","embeddable":true,"href":"https:\/\/www.ilmercoledi.news\/ilmercoledi\/news\/wp-json\/wp\/v2\/ta_other?post=19496"}],"curies":[{"name":"wp","href":"https:\/\/api.w.org\/{rel}","templated":true}]}}