{"id":19506,"date":"2019-06-11T14:56:23","date_gmt":"2019-06-11T12:56:23","guid":{"rendered":"http:\/\/euwps02.tecnavia.com\/ilmercoledi\/news\/?p=19506"},"modified":"2019-06-12T09:20:00","modified_gmt":"2019-06-12T07:20:00","slug":"carmagnola-si-e-insediato-il-consiglio-comunale-dei-ragazzi","status":"publish","type":"post","link":"https:\/\/www.ilmercoledi.news\/2019\/06\/11\/carmagnola-si-e-insediato-il-consiglio-comunale-dei-ragazzi\/","title":{"rendered":"CARMAGNOLA &#8211; Si \u00e8 insediato il Consiglio comunale dei Ragazzi"},"content":{"rendered":"<p>Si \u00e8 insediato venerd\u00ec 31 maggio, alla presenza delle Autorit\u00e0 \u201cadulte\u201d il primo Consiglio Comunale dei Ragazzi e delle Ragazze (CCR) di Carmagnola. Un progetto fortemente voluto dall\u2019Amministrazione e coordinato dal Consigliere Comunale Diego Quaterni e dall\u2019InformaGiovani e Lavoro del Comune di Carmagnola. Il percorso che ha portato all\u2019elezione del Consiglio \u00e8 iniziato nell\u2019autunno del 2018, con il coinvolgimento dei tre Istituti Comprensivi del territorio. Il progetto ha incontrato grande entusiasmo, sia tra il personale docente, sia tra gli studenti che sono stati i veri protagonisti dell\u2019iniziativa. I ragazzi hanno intrapreso un percorso di formazione che li ha portati a conoscere gli organi dell\u2019amministrazione e le fasi del procedimento elettorale, migliorando la propria conoscenza delle Istituzioni e confrontandosi, per la prima volta con esse. I giovani hanno poi potuto cimentarsi nell\u2019ideazione di un progetto specifico a favore della citt\u00e0, da candidare. I diversi progetti, 15 in tutto, hanno costituito il fulcro della campagna elettorale e sono stati presentati al pubblico anche attraverso una bella esposizione, nel mese di maggio, presso il Salone Polivalente di piazza Italia. Alle votazioni di mercoled\u00ec 22 maggio hanno partecipato gli studenti delle classi 4\u00b0 e 5\u00b0 delle primarie dei tre comprensivi e le classi 1\u00b0 e 2\u00b0 delle scuole medie. In totale hanno votato 1079 ragazzi.Dai risultati dello scrutinio, il progetto della 5\u00b0 B dell\u2019Istituto Comprensivo Carmagnola 1 \u201cI.Z. Inquinamento Zero\u201d \u00e8 risultato il pi\u00f9 gradito, con 133 preferenze. A seguire, i progetti presentati dalle squadre elette nel parlamentino carmagnolese: \u201cRistrutturiamo la Vigna, della 1\u00b0 A dell\u2019IC3, con 117 voti; \u201cCarmagiovane: divertInsieme della 2\u00b0 E \u2013 IC1, 98 voti; \u201cLanca di San Michele e Bosco del Gerbasso\u201d, 2\u00b0D \u2013 IC2, 81 voti; \u201cPer non stare a casa\u201d 5\u00b0B \u2013 IC3, 81 voti; \u201cLeDa: Leggo, Disegno e Ascolto\u201d 2\u00b0C \u2013 IC1, 80 voti; \u201cUn cortile da sogno per la scuola e per la citt\u00e0\u201d 4\u00b0C \u2013 IC3, 68 voti; \u201cBiciclettando\u201d 1\u00b0B \u2013 IC2, 67 voti. Gli altri progetti, seppur molto graditi, non hanno raggiunto il quorum per l\u2019ingresso in consiglio dei propri proponenti. Il CCR dovr\u00e0 ora coordinarsi per la realizzazione dei progetti votati e delle altre iniziative che emergeranno dai lavori del Consiglio.<\/p>\n","protected":false},"excerpt":{"rendered":"","protected":false},"author":11,"featured_media":4293,"comment_status":"open","ping_status":"closed","sticky":false,"template":"","format":"standard","meta":[],"categories":[34],"tags":[],"news-destination":[],"news-source":[],"is_homepage":[],"ta_other":[],"_links":{"self":[{"href":"https:\/\/www.ilmercoledi.news\/ilmercoledi\/news\/wp-json\/wp\/v2\/posts\/19506"}],"collection":[{"href":"https:\/\/www.ilmercoledi.news\/ilmercoledi\/news\/wp-json\/wp\/v2\/posts"}],"about":[{"href":"https:\/\/www.ilmercoledi.news\/ilmercoledi\/news\/wp-json\/wp\/v2\/types\/post"}],"author":[{"embeddable":true,"href":"https:\/\/www.ilmercoledi.news\/ilmercoledi\/news\/wp-json\/wp\/v2\/users\/11"}],"replies":[{"embeddable":true,"href":"https:\/\/www.ilmercoledi.news\/ilmercoledi\/news\/wp-json\/wp\/v2\/comments?post=19506"}],"version-history":[{"count":1,"href":"https:\/\/www.ilmercoledi.news\/ilmercoledi\/news\/wp-json\/wp\/v2\/posts\/19506\/revisions"}],"predecessor-version":[{"id":19507,"href":"https:\/\/www.ilmercoledi.news\/ilmercoledi\/news\/wp-json\/wp\/v2\/posts\/19506\/revisions\/19507"}],"wp:featuredmedia":[{"embeddable":true,"href":"https:\/\/www.ilmercoledi.news\/ilmercoledi\/news\/wp-json\/wp\/v2\/media\/4293"}],"wp:attachment":[{"href":"https:\/\/www.ilmercoledi.news\/ilmercoledi\/news\/wp-json\/wp\/v2\/media?parent=19506"}],"wp:term":[{"taxonomy":"category","embeddable":true,"href":"https:\/\/www.ilmercoledi.news\/ilmercoledi\/news\/wp-json\/wp\/v2\/categories?post=19506"},{"taxonomy":"post_tag","embeddable":true,"href":"https:\/\/www.ilmercoledi.news\/ilmercoledi\/news\/wp-json\/wp\/v2\/tags?post=19506"},{"taxonomy":"news-destination","embeddable":true,"href":"https:\/\/www.ilmercoledi.news\/ilmercoledi\/news\/wp-json\/wp\/v2\/news-destination?post=19506"},{"taxonomy":"news-source","embeddable":true,"href":"https:\/\/www.ilmercoledi.news\/ilmercoledi\/news\/wp-json\/wp\/v2\/news-source?post=19506"},{"taxonomy":"is_homepage","embeddable":true,"href":"https:\/\/www.ilmercoledi.news\/ilmercoledi\/news\/wp-json\/wp\/v2\/is_homepage?post=19506"},{"taxonomy":"ta_other","embeddable":true,"href":"https:\/\/www.ilmercoledi.news\/ilmercoledi\/news\/wp-json\/wp\/v2\/ta_other?post=19506"}],"curies":[{"name":"wp","href":"https:\/\/api.w.org\/{rel}","templated":true}]}}