{"id":19516,"date":"2019-06-11T15:28:55","date_gmt":"2019-06-11T13:28:55","guid":{"rendered":"http:\/\/euwps02.tecnavia.com\/ilmercoledi\/news\/?p=19516"},"modified":"2019-06-12T09:20:00","modified_gmt":"2019-06-12T07:20:00","slug":"moncalieri-programma-di-screening-ad-accesso-diretto-per-lepatite-c","status":"publish","type":"post","link":"https:\/\/www.ilmercoledi.news\/2019\/06\/11\/moncalieri-programma-di-screening-ad-accesso-diretto-per-lepatite-c\/","title":{"rendered":"MONCALIERI &#8211; Programma di screening ad accesso diretto per l&#8217;Epatite C"},"content":{"rendered":"<p>Il programma di screening per l\u2019Epatite C per tutta la popolazione dell\u2019Asl TO5 \u00e8 stato pensato dal dipartimento delle dipendenze che, grazie alla sensibilit\u00e0 della Direzione aziendale, mette a disposizione risorse per poter ampliare l\u2019offerta oraria nei diversi punti del territorio.<\/p>\n<p>Il servizio \u00e8 attivo ogni gioved\u00ec, a partire dal 13 giugno 2019, con orario dalle 16 alle 18\u00a0 presso ciascuna delle 4 sedi dei SerD aziendali.<\/p>\n<p>Nello scorso mese di dicembre 2018, a partire dalla celebrazione della Giornata Mondiale sulle problematiche correlate alla diffusione dell&#8217;HIV, \u00e8 stata realizzata un&#8217;attivit\u00e0 di screening con test salivare rapido, ad accesso diretto e senza prenotazione, sia per le persone gi\u00e0 in carico al Dipartimento per le Dipendenze Patologiche sia per qualsiasi persona della popolazione generale. L&#8217;intervento ha previsto un percorso comprensivo di counselling pre-test, esame con test salivare, counselling post-test, percorso di invio con prenotazione interna al settore specializzato dell&#8217;Amedeo di Savoia per i casi per cui si sia rilevato un esito positivo al test salivare.<\/p>\n<p>Il servizio \u00e8 stato molto apprezzato dalla popolazione per la sua elevata riservatezza, che prevede su richiesta anche il ricorso all&#8217;anonimato, per la sua elevata accessibilit\u00e0 e rapidit\u00e0 e per la professionalit\u00e0 con la quale \u00e8 stato realizzato.<\/p>\n<p>\u00c8 stata di conseguenza progettata, da parte del Dipartimento diretto dal dr Augusto Consoli, una messa a regime di questo servizio, per altro in linea con le disposizioni programmatiche regionali e nazionali attuali.<\/p>\n<p>\u201cNei primi mesi dell&#8217;anno in corso \u2013 illustra Augusto Consoli &#8211;\u00a0 \u00e8 stata quindi progettata l&#8217;organizzazione di tale servizio a regime, estendendolo allo screening per la patologia da dell\u2019Epatite C (HCV) e al programma orientato alla sua eradicazione entro il 2030. \u00c8 stata quindi realizzata una ulteriore formazione del personale e sono state definite e perfezionate le procedure tecnico-professionali e organizzative per lo svolgimento di questo servizio presso le 4 sedi distrettuali dei Servizi con la disponibilit\u00e0 per tutte le settimane dell&#8217;anno. Il test \u00e8 molto affidabile, viene effettuato su un semplice campione di saliva e viene fornito l\u2019esito dopo una breve attesa di circa 20 minuti.<\/p>\n","protected":false},"excerpt":{"rendered":"","protected":false},"author":11,"featured_media":10958,"comment_status":"open","ping_status":"closed","sticky":false,"template":"","format":"standard","meta":[],"categories":[34],"tags":[],"news-destination":[],"news-source":[],"is_homepage":[],"ta_other":[],"_links":{"self":[{"href":"https:\/\/www.ilmercoledi.news\/ilmercoledi\/news\/wp-json\/wp\/v2\/posts\/19516"}],"collection":[{"href":"https:\/\/www.ilmercoledi.news\/ilmercoledi\/news\/wp-json\/wp\/v2\/posts"}],"about":[{"href":"https:\/\/www.ilmercoledi.news\/ilmercoledi\/news\/wp-json\/wp\/v2\/types\/post"}],"author":[{"embeddable":true,"href":"https:\/\/www.ilmercoledi.news\/ilmercoledi\/news\/wp-json\/wp\/v2\/users\/11"}],"replies":[{"embeddable":true,"href":"https:\/\/www.ilmercoledi.news\/ilmercoledi\/news\/wp-json\/wp\/v2\/comments?post=19516"}],"version-history":[{"count":1,"href":"https:\/\/www.ilmercoledi.news\/ilmercoledi\/news\/wp-json\/wp\/v2\/posts\/19516\/revisions"}],"predecessor-version":[{"id":19517,"href":"https:\/\/www.ilmercoledi.news\/ilmercoledi\/news\/wp-json\/wp\/v2\/posts\/19516\/revisions\/19517"}],"wp:featuredmedia":[{"embeddable":true,"href":"https:\/\/www.ilmercoledi.news\/ilmercoledi\/news\/wp-json\/wp\/v2\/media\/10958"}],"wp:attachment":[{"href":"https:\/\/www.ilmercoledi.news\/ilmercoledi\/news\/wp-json\/wp\/v2\/media?parent=19516"}],"wp:term":[{"taxonomy":"category","embeddable":true,"href":"https:\/\/www.ilmercoledi.news\/ilmercoledi\/news\/wp-json\/wp\/v2\/categories?post=19516"},{"taxonomy":"post_tag","embeddable":true,"href":"https:\/\/www.ilmercoledi.news\/ilmercoledi\/news\/wp-json\/wp\/v2\/tags?post=19516"},{"taxonomy":"news-destination","embeddable":true,"href":"https:\/\/www.ilmercoledi.news\/ilmercoledi\/news\/wp-json\/wp\/v2\/news-destination?post=19516"},{"taxonomy":"news-source","embeddable":true,"href":"https:\/\/www.ilmercoledi.news\/ilmercoledi\/news\/wp-json\/wp\/v2\/news-source?post=19516"},{"taxonomy":"is_homepage","embeddable":true,"href":"https:\/\/www.ilmercoledi.news\/ilmercoledi\/news\/wp-json\/wp\/v2\/is_homepage?post=19516"},{"taxonomy":"ta_other","embeddable":true,"href":"https:\/\/www.ilmercoledi.news\/ilmercoledi\/news\/wp-json\/wp\/v2\/ta_other?post=19516"}],"curies":[{"name":"wp","href":"https:\/\/api.w.org\/{rel}","templated":true}]}}