{"id":19757,"date":"2019-06-18T11:38:32","date_gmt":"2019-06-18T09:38:32","guid":{"rendered":"http:\/\/euwps02.tecnavia.com\/ilmercoledi\/news\/?p=19757"},"modified":"2019-06-18T11:38:35","modified_gmt":"2019-06-18T09:38:35","slug":"moncalieri-la-biblioteca-arduino-ospita-lautrice-de-il-fulcro-delluniverso","status":"publish","type":"post","link":"https:\/\/www.ilmercoledi.news\/2019\/06\/18\/moncalieri-la-biblioteca-arduino-ospita-lautrice-de-il-fulcro-delluniverso\/","title":{"rendered":"MONCALIERI &#8211; La biblioteca Arduino ospita l&#8217;autrice de &#8220;Il Fulcro dell&#8217;universo&#8221;"},"content":{"rendered":"<p>MONCALIERI &#8211; Marted\u00ec prossimo, 25 giugno, alle 17.30, la centralissima biblioteca civica Arduino ospiter\u00e0 la giovane autrice Maria Carla Mantovani, la quale nell&#8217;occasione parler\u00e0 della sua fatica letteraria &#8220;Il fulcro dell&#8217;universo&#8221;. Accattivante gi\u00e0 nel titolo il romanzo \u00e8 ambientato in un futuro ultratecnologico in cui l&#8217;umanit\u00e0 ha la possibilit\u00e0 di compiere viaggi interstellari, un ambito in cui viene raccontata la guerra civile sorta tra Christopher Bianchi, il presidente dell&#8217;assemblea della Terra e l&#8217;ordine monastico militari degli Zhi, preposti al controllo della tecnologia e della bioetica. L&#8217;adepta Edith Dasher, guardia del corpo del presidente e Zhi Conrad Logan, si ritroveranno in fazioni opposte all&#8217;interno di una lotta sempre pi\u00f9 sanguinosa. <\/p>\n","protected":false},"excerpt":{"rendered":"","protected":false},"author":10,"featured_media":19758,"comment_status":"open","ping_status":"closed","sticky":false,"template":"","format":"standard","meta":[],"categories":[9],"tags":[],"news-destination":[],"news-source":[],"is_homepage":[],"ta_other":[],"_links":{"self":[{"href":"https:\/\/www.ilmercoledi.news\/ilmercoledi\/news\/wp-json\/wp\/v2\/posts\/19757"}],"collection":[{"href":"https:\/\/www.ilmercoledi.news\/ilmercoledi\/news\/wp-json\/wp\/v2\/posts"}],"about":[{"href":"https:\/\/www.ilmercoledi.news\/ilmercoledi\/news\/wp-json\/wp\/v2\/types\/post"}],"author":[{"embeddable":true,"href":"https:\/\/www.ilmercoledi.news\/ilmercoledi\/news\/wp-json\/wp\/v2\/users\/10"}],"replies":[{"embeddable":true,"href":"https:\/\/www.ilmercoledi.news\/ilmercoledi\/news\/wp-json\/wp\/v2\/comments?post=19757"}],"version-history":[{"count":2,"href":"https:\/\/www.ilmercoledi.news\/ilmercoledi\/news\/wp-json\/wp\/v2\/posts\/19757\/revisions"}],"predecessor-version":[{"id":19760,"href":"https:\/\/www.ilmercoledi.news\/ilmercoledi\/news\/wp-json\/wp\/v2\/posts\/19757\/revisions\/19760"}],"wp:featuredmedia":[{"embeddable":true,"href":"https:\/\/www.ilmercoledi.news\/ilmercoledi\/news\/wp-json\/wp\/v2\/media\/19758"}],"wp:attachment":[{"href":"https:\/\/www.ilmercoledi.news\/ilmercoledi\/news\/wp-json\/wp\/v2\/media?parent=19757"}],"wp:term":[{"taxonomy":"category","embeddable":true,"href":"https:\/\/www.ilmercoledi.news\/ilmercoledi\/news\/wp-json\/wp\/v2\/categories?post=19757"},{"taxonomy":"post_tag","embeddable":true,"href":"https:\/\/www.ilmercoledi.news\/ilmercoledi\/news\/wp-json\/wp\/v2\/tags?post=19757"},{"taxonomy":"news-destination","embeddable":true,"href":"https:\/\/www.ilmercoledi.news\/ilmercoledi\/news\/wp-json\/wp\/v2\/news-destination?post=19757"},{"taxonomy":"news-source","embeddable":true,"href":"https:\/\/www.ilmercoledi.news\/ilmercoledi\/news\/wp-json\/wp\/v2\/news-source?post=19757"},{"taxonomy":"is_homepage","embeddable":true,"href":"https:\/\/www.ilmercoledi.news\/ilmercoledi\/news\/wp-json\/wp\/v2\/is_homepage?post=19757"},{"taxonomy":"ta_other","embeddable":true,"href":"https:\/\/www.ilmercoledi.news\/ilmercoledi\/news\/wp-json\/wp\/v2\/ta_other?post=19757"}],"curies":[{"name":"wp","href":"https:\/\/api.w.org\/{rel}","templated":true}]}}