{"id":19790,"date":"2019-06-19T12:00:05","date_gmt":"2019-06-19T10:00:05","guid":{"rendered":"http:\/\/euwps02.tecnavia.com\/ilmercoledi\/news\/?p=19790"},"modified":"2019-06-19T12:00:46","modified_gmt":"2019-06-19T10:00:46","slug":"lold-america-si-sposta-di-800-metri-ma-rimane-lo-stesso-nato-nel-1982","status":"publish","type":"post","link":"https:\/\/www.ilmercoledi.news\/2019\/06\/19\/lold-america-si-sposta-di-800-metri-ma-rimane-lo-stesso-nato-nel-1982\/","title":{"rendered":"L&#8217;Old America si sposta di 800 metri ma rimane lo stesso nato nel 1982"},"content":{"rendered":"<p>Tutto cambia per rimanere uguale, si suol dire, ed allora ecco che anche solo per 800 metri il mitico Old America ritrova le sue radici spostandosi dalla sua sede storica, quella\u00ad per intenderci, che dalla nostra nascita abbiamo utilizzato per indicare dove si tro\u00advasse la redazione de \u00abil Mercoled\u00ec\u00bb. Non pi\u00f9 via Cavour 74, quindi, ma via Cavor 6, appena usciti dalla ristrutturanda rotonda Boffa.<\/p>\n<p><em>\u201cNoi umani siamo abitudinari ed allora mi chiedo come faremo ad abituarci a fare 800 metri per bere la birra che prima ci deliziava da vicino?\u201d<\/em> viene spontaneo chiedersi. La risposta \u00e8 altres\u00ec spontanea: \u00e8 nuovo il locale ma medesima l\u2019allegria e la fratellanza che vi regna giacch\u00e8 a cambiare \u00e8 solamente l\u2019indirizzo con anche lo stile che rimane quello dei muri con i pali di legno all\u2019americana con pi\u00f9 sale come nel precedente per accogliere i tifosi di pi\u00f9 squadre nelle serate con pi\u00f9 partite da trasmettere.<\/p>\n<p>Ci saranno ancora le foto storiche (compresa quella di Vasco, si, il Komandante, in visita all\u2019Old nel 1984), di chi c\u2019\u00e8 ancora e di chi, ultimo Umberto Gatti, ha gi\u00e0 salutato ma star\u00e0 certamente\u00ad festeggiando dal\u00adl\u2019altra parte plaudendo al cambiamento.<\/p>\n<p>Non cambieranno le birre mentre qualche novit\u00e0 attende in cucina, fermo restando che i mitici Emy, Marta, Zy\u00admox, Campagnolo e gli altri superpanini che han contribuito a rendere famoso il locale saranno sempre in lista.<\/p>\n<p>Come quel venerd\u00ec 12 novembre 1982, data di inizio avventura, ad attendervi, da stasera, mercoled\u00ec 19, dalle 21 dopo due giorni di relativo riposo con la chiusura della vecchia sede ma tutta una serie di ultime cose da completare, ci saranno Guido, Michele, Mauro, Vice e Rosi ossia i soci da sempre dietro al bancone dell\u2019Old, come rimarr\u00e0 comunemente nota la birreria che rester\u00e0 anche nella nostra indicazione per trovare la redazione con la piccola variante di \u00abhai presente dov\u2019era prima l\u2019Old?\u00bb.<\/p>\n<p>(ph. photovergne, il saluto degli aficionados domenica sera)<\/p>\n<p>&nbsp;<\/p>\n<p><em><strong>1982 &#8211; Cosa successe quell&#8217;anno?<\/strong><\/em><\/p>\n<p>Millenovecentoottantadue. Non solo un secolo fa, ma addirittura un millennio. E se uno pensa a come \u00e8 cambiato il mondo da quella data, 37 anni fa, ci si chiede davvero se \u00e8 ancora sulla terra e non \u00e8 emigrato altrove. Rapido excursus di ci\u00f2 che succedeva allora con la Groenlandia che, come Londra ai giorni nostri, decideva ad inizio anno tramite referendum di uscire dalla Comunit\u00e0 Europea, l\u2019allora Cee, \u00abmamma\u00bb del\u00adla Ue.<\/p>\n<p>Poco dopo un grande lutto colpiva in un colpo solo il panorama musicale e quello cinematografico con la prematura scomparsa di John Belushi, divenuto vero e proprio mito dopo The Blues Brothers (di cui il 16 giugno si \u00e8 festeggiato l\u2019uscita nelle sale italiane nel 1980).<\/p>\n<p>Nel mondo non mancano le \u00abpiccole\u00bb guerre come quella delle Falkand, per dirla al\u00adl\u2019inglese, o Malvinas, per dirla all\u2019argentina. Si muove anche l\u2019Europa a favore della corona di Elisabetta II con restrizioni per il paese sudamericano ma, almeno per l\u2019Italia (toh, che caso) e per l\u2019Irlanda dura poco. Tanto basta comunque perch\u00e8 la situazione si ricomponga il 14 giugno. Intanto la Spagna entra a far parte della Nato (30 aprile) ed a New York sono 750 mila a sfilare contro le armi atomiche. Il 18 giugno viene trovato morto a Londra Roberto Calvi ed il 13 settembre si ripete un lutto che prende non solo la cinematografia, dalla quale era comunque uscita proprio per il suo principesco matrimonio, ma anche la politica europea con la prematura scomparsa di Grace Kelly.<\/p>\n<p>Detto prima di \u00abJake\u00bb, l\u2019\u201882 \u00e8 anche l\u2019anno nero della Formula 1 che perde l\u20198 maggio a Zolder il mito Gilles Villeneuve. Non altrettanto osannato ma protagonista delle ruote scoperte il 13 giugno a Montreal \u00e8 Riccardo Paletti a perdere la vita nel rogo della sua auto (che centra quella del ferrarista Pironi rimasta ferma al via).<\/p>\n<p>A far sorridere nuovamente gli italiani ed il mai dimenticato presidente di allora, Sandro Pertini, ci pensa a luglio la nazionale di calcio del grande \u00abvecio\u00bb Enzo Bearzot che trionfa nei Mondiali di Spagna superando 3-1 in finale la Germania Ovest (gi\u00e0 all\u2019epoca erano ancora due le Germanie).<\/p>\n<p>Nel mondo scientifico tre gli avvenimenti da ricordare: il 27 luglio la Grid (Gay-related Immune Deficiency), detta anche \u00abmalattia 4H\u00bb, diventa Aids esulando dalle quattro comunit\u00e0 in cui inizialmente pareva essere confinata (haitiani, omosessuali, emofiliaci ed eroinomani); il mese successivo, sempre negli Stati Uniti, inizia la commercializzazione del Commodore 64, primo personal computer della storia aperto a tutti, ed il 17 agosto nasce il primo cd la cui storia pare ora agli sgoccioli.<\/p>\n<p>Infine, rimanendo in tema musicale, il 30 novembre viene pubblicato Thriller e l\u201911 dicembre si sciolgono gli Abba, passaggio di consegne tra la musica anni \u201870 e quella anni \u201880 del genio di Michael Jackson.<\/p>\n","protected":false},"excerpt":{"rendered":"","protected":false},"author":9,"featured_media":19793,"comment_status":"open","ping_status":"closed","sticky":false,"template":"","format":"standard","meta":[],"categories":[9],"tags":[],"news-destination":[],"news-source":[],"is_homepage":[],"ta_other":[],"_links":{"self":[{"href":"https:\/\/www.ilmercoledi.news\/ilmercoledi\/news\/wp-json\/wp\/v2\/posts\/19790"}],"collection":[{"href":"https:\/\/www.ilmercoledi.news\/ilmercoledi\/news\/wp-json\/wp\/v2\/posts"}],"about":[{"href":"https:\/\/www.ilmercoledi.news\/ilmercoledi\/news\/wp-json\/wp\/v2\/types\/post"}],"author":[{"embeddable":true,"href":"https:\/\/www.ilmercoledi.news\/ilmercoledi\/news\/wp-json\/wp\/v2\/users\/9"}],"replies":[{"embeddable":true,"href":"https:\/\/www.ilmercoledi.news\/ilmercoledi\/news\/wp-json\/wp\/v2\/comments?post=19790"}],"version-history":[{"count":2,"href":"https:\/\/www.ilmercoledi.news\/ilmercoledi\/news\/wp-json\/wp\/v2\/posts\/19790\/revisions"}],"predecessor-version":[{"id":19794,"href":"https:\/\/www.ilmercoledi.news\/ilmercoledi\/news\/wp-json\/wp\/v2\/posts\/19790\/revisions\/19794"}],"wp:featuredmedia":[{"embeddable":true,"href":"https:\/\/www.ilmercoledi.news\/ilmercoledi\/news\/wp-json\/wp\/v2\/media\/19793"}],"wp:attachment":[{"href":"https:\/\/www.ilmercoledi.news\/ilmercoledi\/news\/wp-json\/wp\/v2\/media?parent=19790"}],"wp:term":[{"taxonomy":"category","embeddable":true,"href":"https:\/\/www.ilmercoledi.news\/ilmercoledi\/news\/wp-json\/wp\/v2\/categories?post=19790"},{"taxonomy":"post_tag","embeddable":true,"href":"https:\/\/www.ilmercoledi.news\/ilmercoledi\/news\/wp-json\/wp\/v2\/tags?post=19790"},{"taxonomy":"news-destination","embeddable":true,"href":"https:\/\/www.ilmercoledi.news\/ilmercoledi\/news\/wp-json\/wp\/v2\/news-destination?post=19790"},{"taxonomy":"news-source","embeddable":true,"href":"https:\/\/www.ilmercoledi.news\/ilmercoledi\/news\/wp-json\/wp\/v2\/news-source?post=19790"},{"taxonomy":"is_homepage","embeddable":true,"href":"https:\/\/www.ilmercoledi.news\/ilmercoledi\/news\/wp-json\/wp\/v2\/is_homepage?post=19790"},{"taxonomy":"ta_other","embeddable":true,"href":"https:\/\/www.ilmercoledi.news\/ilmercoledi\/news\/wp-json\/wp\/v2\/ta_other?post=19790"}],"curies":[{"name":"wp","href":"https:\/\/api.w.org\/{rel}","templated":true}]}}