{"id":19885,"date":"2019-06-20T18:04:51","date_gmt":"2019-06-20T16:04:51","guid":{"rendered":"http:\/\/euwps02.tecnavia.com\/ilmercoledi\/news\/?p=19885"},"modified":"2019-06-20T18:05:16","modified_gmt":"2019-06-20T16:05:16","slug":"la-tecnologia-entra-in-metropolitana-semaforo-indica-la-carrozza-sold-out","status":"publish","type":"post","link":"https:\/\/www.ilmercoledi.news\/2019\/06\/20\/la-tecnologia-entra-in-metropolitana-semaforo-indica-la-carrozza-sold-out\/","title":{"rendered":"La tecnologia entra in metropolitana. Semaforo indica la carrozza sold out"},"content":{"rendered":"<p>E\u2019 stata inaugurata oggi la prima fase del progetto sperimentale \u00abInTO\u00bb, ideato e realizzato dal nuovo dipartimento \u201cMobility Solutions\u201d di Italdesign per offrire agli utenti della metropolitana di Torino un servizio immediato e semplice, che renda l\u2019utilizzo della metropolitana pi\u00f9 confortevole. Si tratta di un progetto che nasce dalla collaborazione di Italdesign con Citt\u00e0 di Torino e Gtt. All\u2019interno della stazione Re Umberto sono stati installati dei led al di sopra delle porte che consentono l\u2019accesso a bordo delle carrozze; quando il treno giunge in stazione, i led si illuminano indicando lo stato di affollamento del vagone: verde nel caso di carrozza libera, giallo quando \u00e8 semi-piena e arancione nel caso di carrozza piena.\u00abInTO \u00e8 un concreto esempio di come immaginiamo dovr\u00e0 essere la mobilit\u00e0 del futuro \u2013 ha dichiarato Massimo Martinotti, Head of Mobility Solutions di Italdesign \u2013 un servizio pensato e progettato per il cittadino. L\u2019obiettivo ultimo \u00e8 quello di rendere la nostra quotidianit\u00e0 migliore, pi\u00f9 facile ed efficiente grazie ad un uso intelligente della tecnologia. InTO \u00e8 esattamente ci\u00f2: dietro ai led posizionati in Re Umberto, infatti c\u2019\u00e8 un complesso algoritmo che, sfruttando le immagini delle telecamere di sicurezza a bordo di ogni vagone, il flusso di dati storici raccolti e messi a disposizione da GTT, gli orari e le giornate della settimana, \u00e8 in grado di comunicare in tempo reale ai passeggeri in banchina le carrozze meno affollate, cos\u00ec che i passeggeri possano sceglierle per un viaggio pi\u00f9 confortevole\u00bb.La sperimentazione, inaugurata ufficialmente il 20 giugno, durer\u00e0 indicativamente un anno.\u00abQuesta sperimentazione rappresenta un importante passo avanti per la nostra politica di innovazione Torino City Lab. Si tratta di una delle prime sperimentazioni visibili sul nostro territorio, volta a sviluppare un nuovo servizio di semplificazione per il cittadino e di supporto allo sviluppo dell\u2019ecosistema locale &#8211; spiega l\u2019assessore all\u2019innovazione Paola Pisano &#8211; ci auguriamo possa presto diventare un servizio stabile all\u2019interno della citt\u00e0. Ringrazio Italdesign e GTT per il supporto e lo sviluppo di questo importante use case\u00bb.\u00abAbbiamo accolto favorevolmente la proposta di partnership con Italdesign che ben si sposa con l\u2019elevato livello tecnologico della nostra metropolitana e siamo felici di offrire ai nostri passeggeri la possibilit\u00e0 di testare per primi questo nuovo servizio alla stazione di Re Umberto\u00bb, ha concluso Giovanni Foti, Amministratore Delegato di GTT.<\/p>\n","protected":false},"excerpt":{"rendered":"","protected":false},"author":7,"featured_media":4371,"comment_status":"open","ping_status":"closed","sticky":false,"template":"","format":"standard","meta":[],"categories":[8],"tags":[394,393,381],"news-destination":[],"news-source":[],"is_homepage":[],"ta_other":[],"_links":{"self":[{"href":"https:\/\/www.ilmercoledi.news\/ilmercoledi\/news\/wp-json\/wp\/v2\/posts\/19885"}],"collection":[{"href":"https:\/\/www.ilmercoledi.news\/ilmercoledi\/news\/wp-json\/wp\/v2\/posts"}],"about":[{"href":"https:\/\/www.ilmercoledi.news\/ilmercoledi\/news\/wp-json\/wp\/v2\/types\/post"}],"author":[{"embeddable":true,"href":"https:\/\/www.ilmercoledi.news\/ilmercoledi\/news\/wp-json\/wp\/v2\/users\/7"}],"replies":[{"embeddable":true,"href":"https:\/\/www.ilmercoledi.news\/ilmercoledi\/news\/wp-json\/wp\/v2\/comments?post=19885"}],"version-history":[{"count":3,"href":"https:\/\/www.ilmercoledi.news\/ilmercoledi\/news\/wp-json\/wp\/v2\/posts\/19885\/revisions"}],"predecessor-version":[{"id":19888,"href":"https:\/\/www.ilmercoledi.news\/ilmercoledi\/news\/wp-json\/wp\/v2\/posts\/19885\/revisions\/19888"}],"wp:featuredmedia":[{"embeddable":true,"href":"https:\/\/www.ilmercoledi.news\/ilmercoledi\/news\/wp-json\/wp\/v2\/media\/4371"}],"wp:attachment":[{"href":"https:\/\/www.ilmercoledi.news\/ilmercoledi\/news\/wp-json\/wp\/v2\/media?parent=19885"}],"wp:term":[{"taxonomy":"category","embeddable":true,"href":"https:\/\/www.ilmercoledi.news\/ilmercoledi\/news\/wp-json\/wp\/v2\/categories?post=19885"},{"taxonomy":"post_tag","embeddable":true,"href":"https:\/\/www.ilmercoledi.news\/ilmercoledi\/news\/wp-json\/wp\/v2\/tags?post=19885"},{"taxonomy":"news-destination","embeddable":true,"href":"https:\/\/www.ilmercoledi.news\/ilmercoledi\/news\/wp-json\/wp\/v2\/news-destination?post=19885"},{"taxonomy":"news-source","embeddable":true,"href":"https:\/\/www.ilmercoledi.news\/ilmercoledi\/news\/wp-json\/wp\/v2\/news-source?post=19885"},{"taxonomy":"is_homepage","embeddable":true,"href":"https:\/\/www.ilmercoledi.news\/ilmercoledi\/news\/wp-json\/wp\/v2\/is_homepage?post=19885"},{"taxonomy":"ta_other","embeddable":true,"href":"https:\/\/www.ilmercoledi.news\/ilmercoledi\/news\/wp-json\/wp\/v2\/ta_other?post=19885"}],"curies":[{"name":"wp","href":"https:\/\/api.w.org\/{rel}","templated":true}]}}