{"id":20032,"date":"2019-06-26T07:46:36","date_gmt":"2019-06-26T05:46:36","guid":{"rendered":"http:\/\/euwps02.tecnavia.com\/ilmercoledi\/news\/?p=20032"},"modified":"2019-06-26T15:36:03","modified_gmt":"2019-06-26T13:36:03","slug":"nichelino-via-alla-seconda-tornata-dei-soggiorni-climatici","status":"publish","type":"post","link":"https:\/\/www.ilmercoledi.news\/2019\/06\/26\/nichelino-via-alla-seconda-tornata-dei-soggiorni-climatici\/","title":{"rendered":"NICHELINO &#8211; Via alla seconda tornata dei soggiorni climatici"},"content":{"rendered":"<p>Sono partite le iscrizioni per i soggiorni climatici &#8211; per persone con pi\u00f9 di 55 anni residenti a Nichelino &#8211; del 2\u00b0 turno 2019. Sono previsti due viaggi: uno in Toscana e uno in Romagna. Le iscrizioni scadono venerd\u00ec 5 luglio. Ci si pu\u00f2 iscrivere al Centro sociale Grosa, in via Galimberti, a Nichelino, dal luned\u00ec al gioved\u00ec in orario 9 &#8211; 12 e 14 &#8211; 15.30, oppure il venerd\u00ec in orario 9 &#8211; 12. Previste\u00a0riduzioni per determinate fasce di reddito, presentando la dichiarazione Isee 2019. In caso di disponibilit\u00e0 di posti, saranno accettate iscrizioni di persone con meno di 55 anni. Info: Ufficio politiche sociali in via Del Pascolo, 13\/a &#8211; tel. 011\/6819533 oppure e-mail a antonella.macri@comune.nichelino.to.it e annamaria.bisconti@comune.nichelino.to.it .<\/p>\n","protected":false},"excerpt":{"rendered":"","protected":false},"author":11,"featured_media":7350,"comment_status":"open","ping_status":"closed","sticky":false,"template":"","format":"standard","meta":[],"categories":[34],"tags":[],"news-destination":[],"news-source":[],"is_homepage":[],"ta_other":[],"_links":{"self":[{"href":"https:\/\/www.ilmercoledi.news\/ilmercoledi\/news\/wp-json\/wp\/v2\/posts\/20032"}],"collection":[{"href":"https:\/\/www.ilmercoledi.news\/ilmercoledi\/news\/wp-json\/wp\/v2\/posts"}],"about":[{"href":"https:\/\/www.ilmercoledi.news\/ilmercoledi\/news\/wp-json\/wp\/v2\/types\/post"}],"author":[{"embeddable":true,"href":"https:\/\/www.ilmercoledi.news\/ilmercoledi\/news\/wp-json\/wp\/v2\/users\/11"}],"replies":[{"embeddable":true,"href":"https:\/\/www.ilmercoledi.news\/ilmercoledi\/news\/wp-json\/wp\/v2\/comments?post=20032"}],"version-history":[{"count":1,"href":"https:\/\/www.ilmercoledi.news\/ilmercoledi\/news\/wp-json\/wp\/v2\/posts\/20032\/revisions"}],"predecessor-version":[{"id":20033,"href":"https:\/\/www.ilmercoledi.news\/ilmercoledi\/news\/wp-json\/wp\/v2\/posts\/20032\/revisions\/20033"}],"wp:featuredmedia":[{"embeddable":true,"href":"https:\/\/www.ilmercoledi.news\/ilmercoledi\/news\/wp-json\/wp\/v2\/media\/7350"}],"wp:attachment":[{"href":"https:\/\/www.ilmercoledi.news\/ilmercoledi\/news\/wp-json\/wp\/v2\/media?parent=20032"}],"wp:term":[{"taxonomy":"category","embeddable":true,"href":"https:\/\/www.ilmercoledi.news\/ilmercoledi\/news\/wp-json\/wp\/v2\/categories?post=20032"},{"taxonomy":"post_tag","embeddable":true,"href":"https:\/\/www.ilmercoledi.news\/ilmercoledi\/news\/wp-json\/wp\/v2\/tags?post=20032"},{"taxonomy":"news-destination","embeddable":true,"href":"https:\/\/www.ilmercoledi.news\/ilmercoledi\/news\/wp-json\/wp\/v2\/news-destination?post=20032"},{"taxonomy":"news-source","embeddable":true,"href":"https:\/\/www.ilmercoledi.news\/ilmercoledi\/news\/wp-json\/wp\/v2\/news-source?post=20032"},{"taxonomy":"is_homepage","embeddable":true,"href":"https:\/\/www.ilmercoledi.news\/ilmercoledi\/news\/wp-json\/wp\/v2\/is_homepage?post=20032"},{"taxonomy":"ta_other","embeddable":true,"href":"https:\/\/www.ilmercoledi.news\/ilmercoledi\/news\/wp-json\/wp\/v2\/ta_other?post=20032"}],"curies":[{"name":"wp","href":"https:\/\/api.w.org\/{rel}","templated":true}]}}