{"id":2005,"date":"2018-01-31T18:27:21","date_gmt":"2018-01-31T17:27:21","guid":{"rendered":"http:\/\/euwps02.tecnavia.com\/ilmercoledi\/news\/?p=2005"},"modified":"2018-01-31T18:27:21","modified_gmt":"2018-01-31T17:27:21","slug":"auto-depoca-sportive-al-lingotto-automotoretro-apre-battenti","status":"publish","type":"post","link":"https:\/\/www.ilmercoledi.news\/2018\/01\/31\/auto-depoca-sportive-al-lingotto-automotoretro-apre-battenti\/","title":{"rendered":"Auto d&#8217;epoca e sportive al Lingotto. Automotoretr\u00f2 apre i battenti"},"content":{"rendered":"<p><strong>TORINO &#8211; Aprono le porte dell\u2019edizione 2018 di Automotoretr\u00f2 e Automotoracing, le due rassegne dedicate agli appassionati delle due e quattro ruote vintage e da corsa, che da gioved\u00ec 1 a domenica 4 febbraio animeranno i padiglioni del Lingotto Fiere e dell\u2019Oval di via Nizza 294 a Torino.<\/strong>\u00a0Tra icone del passato, i bolidi e i piloti che hanno fatto emozionare il pubblico in pista, a partire dalle 15 si entrer\u00e0 nel vivo di uno degli appuntamenti motoristici pi\u00f9 attesi della stagione.<\/p>\n<p>\u00abSono 36 anni che organizziamo questa manifestazione e fin dalla sua prima edizione \u00e8 la passione che ci ha spinto a radunare sempre pi\u00f9 collezionisti ed espositori\u00a0&#8211; racconta il\u00a0<strong>fondatore di Automotoretr\u00f2 e amministratore delegato di Bea Srl Giuseppe Gianoglio<\/strong>\u00a0-.\u00a0\u00c8 proprio questo entusiasmo che ci ha consentito di oltrepassare le difficolt\u00e0 che in un\u2019esperienza pluridecennale abbiamo dovuto affrontare e sono certo che ci attendano ancora grandi soddisfazioni per le prossime 36 edizioni\u00bb.<\/p>\n<p>Se nel 2017 si \u00e8 superata quota 65.000 visitatori, con l\u2019introduzione di un giorno in pi\u00f9 di fiera punta a bissare il successo dello scorso anno.\u00a0\u00abSiamo molto grati agli organizzatori di Automotoretr\u00f2 e Automotoracing che da anni portano a Torino le eccellenze del motorismo storico e del mondo del racing con notevoli ricadute sul territorio\u00a0&#8211; ha dichiarato in conferenza stampa l\u2019<strong>assessore al Commercio della Citt\u00e0 di Torino Alberto Sacco<\/strong>-, sia dal punto di vista dell&#8217;indotto commerciale, sia del turismo, radunando un pubblico sempre pi\u00f9 internazionale, non solo specializzato ma fatto anche di amatori che si avvicinano per la prima volta a questo evento\u00bb.<\/p>\n<p>La crescente attenzione che le due manifestazioni richiamano \u00e8 anche un invito a non disperdere un patrimonio che appartiene da sempre alla cultura italiana:\u00a0\u00ab\u00c8 un appuntamento importante per il Piemonte, che dimostra la grande capacit\u00e0 innovativa del patron Giuseppe Gianoglio e che d\u00e0 il giusto riconoscimento e valore alla storia centenaria del nostro Paese, che ha visto Torino capitale dell&#8217;automobile e del design\u00a0&#8211; ha sottolineato ancora\u00a0<strong>Giovanni Maria Ferraris, assessore allo Sport, Polizia locale, Personale e organizzazione della Regione Piemonte<\/strong>\u00a0-.\u00a0Ora occorre proseguire questo percorso, stimolando le giovani generazioni a non abbandonare la conoscenza e a tramandare il valore storico, artistico e imprenditoriale\u00bb.<\/p>\n","protected":false},"excerpt":{"rendered":"","protected":false},"author":10,"featured_media":2006,"comment_status":"open","ping_status":"closed","sticky":false,"template":"","format":"standard","meta":[],"categories":[9],"tags":[],"news-destination":[],"news-source":[],"is_homepage":[],"ta_other":[],"_links":{"self":[{"href":"https:\/\/www.ilmercoledi.news\/ilmercoledi\/news\/wp-json\/wp\/v2\/posts\/2005"}],"collection":[{"href":"https:\/\/www.ilmercoledi.news\/ilmercoledi\/news\/wp-json\/wp\/v2\/posts"}],"about":[{"href":"https:\/\/www.ilmercoledi.news\/ilmercoledi\/news\/wp-json\/wp\/v2\/types\/post"}],"author":[{"embeddable":true,"href":"https:\/\/www.ilmercoledi.news\/ilmercoledi\/news\/wp-json\/wp\/v2\/users\/10"}],"replies":[{"embeddable":true,"href":"https:\/\/www.ilmercoledi.news\/ilmercoledi\/news\/wp-json\/wp\/v2\/comments?post=2005"}],"version-history":[{"count":3,"href":"https:\/\/www.ilmercoledi.news\/ilmercoledi\/news\/wp-json\/wp\/v2\/posts\/2005\/revisions"}],"predecessor-version":[{"id":2009,"href":"https:\/\/www.ilmercoledi.news\/ilmercoledi\/news\/wp-json\/wp\/v2\/posts\/2005\/revisions\/2009"}],"wp:featuredmedia":[{"embeddable":true,"href":"https:\/\/www.ilmercoledi.news\/ilmercoledi\/news\/wp-json\/wp\/v2\/media\/2006"}],"wp:attachment":[{"href":"https:\/\/www.ilmercoledi.news\/ilmercoledi\/news\/wp-json\/wp\/v2\/media?parent=2005"}],"wp:term":[{"taxonomy":"category","embeddable":true,"href":"https:\/\/www.ilmercoledi.news\/ilmercoledi\/news\/wp-json\/wp\/v2\/categories?post=2005"},{"taxonomy":"post_tag","embeddable":true,"href":"https:\/\/www.ilmercoledi.news\/ilmercoledi\/news\/wp-json\/wp\/v2\/tags?post=2005"},{"taxonomy":"news-destination","embeddable":true,"href":"https:\/\/www.ilmercoledi.news\/ilmercoledi\/news\/wp-json\/wp\/v2\/news-destination?post=2005"},{"taxonomy":"news-source","embeddable":true,"href":"https:\/\/www.ilmercoledi.news\/ilmercoledi\/news\/wp-json\/wp\/v2\/news-source?post=2005"},{"taxonomy":"is_homepage","embeddable":true,"href":"https:\/\/www.ilmercoledi.news\/ilmercoledi\/news\/wp-json\/wp\/v2\/is_homepage?post=2005"},{"taxonomy":"ta_other","embeddable":true,"href":"https:\/\/www.ilmercoledi.news\/ilmercoledi\/news\/wp-json\/wp\/v2\/ta_other?post=2005"}],"curies":[{"name":"wp","href":"https:\/\/api.w.org\/{rel}","templated":true}]}}