{"id":20097,"date":"2019-06-27T17:14:40","date_gmt":"2019-06-27T15:14:40","guid":{"rendered":"http:\/\/euwps02.tecnavia.com\/ilmercoledi\/news\/?p=20097"},"modified":"2019-06-28T07:42:38","modified_gmt":"2019-06-28T05:42:38","slug":"cronaca-vicenda-dei-maltrattamenti-pirro-cinque-stelle-la-politica-non-stia-ferma","status":"publish","type":"post","link":"https:\/\/www.ilmercoledi.news\/2019\/06\/27\/cronaca-vicenda-dei-maltrattamenti-pirro-cinque-stelle-la-politica-non-stia-ferma\/","title":{"rendered":"CRONACA &#8211; Vicenda dei maltrattamenti, Pirro (Cinque stelle): &#8220;La politica non stia ferma&#8221;"},"content":{"rendered":"<p>\u00abStrappati alle famiglie d&#8217;origine accusate di violenze, e rimasti con gli affidatari anche dopo l&#8217;archiviazione dei procedimenti contro i genitori naturali. Quanto\u00a0emerge dall&#8217;inchiesta &#8220;Angeli e Demoni&#8221;, che vede coinvolta anche una Onlus di Torino e che in queste ore ha portato a diverse ordinanze di custodia cautelare nei\u00a0confronti di politici, medici e assistenti sociali per aver messo in piedi un vero e proprio sistema illecito di affidamento dei minori, rende urgente e necessario un\u00a0intervento della politica, per far s\u00ec che avvenimenti simili non si ripetano mai pi\u00f9\u00bb.\u00a0Lo dichiarano i parlamentari piemontesi e valdostani di Camera e Senato del\u00a0MoVimento 5 Stelle. \u00abProprio per questo la politica non pu\u00f2 rimanere in silenzio e in tal senso, gi\u00e0 dalla prossima settimana, alla Camera si lavorer\u00e0 affinch\u00e9 ci\u00a0siano norme chiare volte a tutelare i minori, come quelle gi\u00e0 approvate sull&#8217;istituzione della commissione d&#8217;inchiesta sui fatti del Forteto e l&#8217;indagine conoscitiva\u00a0della commissione Bicamerale Infanzia. Siamo certi che la giustizia far\u00e0 il suo corso, impedendo di esercitare la professione a chi ha sbagliato. Nessun tipo di\u00a0violenza sui minori, fisica o psicologica, pu\u00f2 rimanere impunita. Soprattutto se questi reati sono commessi da chi, in nome delle istituzioni, dovrebbe proteggerli\u00bb\u00a0concludono i parlamentari pentastellati.<\/p>\n","protected":false},"excerpt":{"rendered":"","protected":false},"author":11,"featured_media":20098,"comment_status":"open","ping_status":"closed","sticky":false,"template":"","format":"standard","meta":[],"categories":[7],"tags":[],"news-destination":[],"news-source":[],"is_homepage":[],"ta_other":[],"_links":{"self":[{"href":"https:\/\/www.ilmercoledi.news\/ilmercoledi\/news\/wp-json\/wp\/v2\/posts\/20097"}],"collection":[{"href":"https:\/\/www.ilmercoledi.news\/ilmercoledi\/news\/wp-json\/wp\/v2\/posts"}],"about":[{"href":"https:\/\/www.ilmercoledi.news\/ilmercoledi\/news\/wp-json\/wp\/v2\/types\/post"}],"author":[{"embeddable":true,"href":"https:\/\/www.ilmercoledi.news\/ilmercoledi\/news\/wp-json\/wp\/v2\/users\/11"}],"replies":[{"embeddable":true,"href":"https:\/\/www.ilmercoledi.news\/ilmercoledi\/news\/wp-json\/wp\/v2\/comments?post=20097"}],"version-history":[{"count":1,"href":"https:\/\/www.ilmercoledi.news\/ilmercoledi\/news\/wp-json\/wp\/v2\/posts\/20097\/revisions"}],"predecessor-version":[{"id":20099,"href":"https:\/\/www.ilmercoledi.news\/ilmercoledi\/news\/wp-json\/wp\/v2\/posts\/20097\/revisions\/20099"}],"wp:featuredmedia":[{"embeddable":true,"href":"https:\/\/www.ilmercoledi.news\/ilmercoledi\/news\/wp-json\/wp\/v2\/media\/20098"}],"wp:attachment":[{"href":"https:\/\/www.ilmercoledi.news\/ilmercoledi\/news\/wp-json\/wp\/v2\/media?parent=20097"}],"wp:term":[{"taxonomy":"category","embeddable":true,"href":"https:\/\/www.ilmercoledi.news\/ilmercoledi\/news\/wp-json\/wp\/v2\/categories?post=20097"},{"taxonomy":"post_tag","embeddable":true,"href":"https:\/\/www.ilmercoledi.news\/ilmercoledi\/news\/wp-json\/wp\/v2\/tags?post=20097"},{"taxonomy":"news-destination","embeddable":true,"href":"https:\/\/www.ilmercoledi.news\/ilmercoledi\/news\/wp-json\/wp\/v2\/news-destination?post=20097"},{"taxonomy":"news-source","embeddable":true,"href":"https:\/\/www.ilmercoledi.news\/ilmercoledi\/news\/wp-json\/wp\/v2\/news-source?post=20097"},{"taxonomy":"is_homepage","embeddable":true,"href":"https:\/\/www.ilmercoledi.news\/ilmercoledi\/news\/wp-json\/wp\/v2\/is_homepage?post=20097"},{"taxonomy":"ta_other","embeddable":true,"href":"https:\/\/www.ilmercoledi.news\/ilmercoledi\/news\/wp-json\/wp\/v2\/ta_other?post=20097"}],"curies":[{"name":"wp","href":"https:\/\/api.w.org\/{rel}","templated":true}]}}