{"id":20118,"date":"2019-06-28T07:48:06","date_gmt":"2019-06-28T05:48:06","guid":{"rendered":"http:\/\/euwps02.tecnavia.com\/ilmercoledi\/news\/?p=20118"},"modified":"2019-06-28T15:30:29","modified_gmt":"2019-06-28T13:30:29","slug":"metro-dicembre-2020-ecco-la-nuova-data-di-avvio-del-servizio","status":"publish","type":"post","link":"https:\/\/www.ilmercoledi.news\/2019\/06\/28\/metro-dicembre-2020-ecco-la-nuova-data-di-avvio-del-servizio\/","title":{"rendered":"METRO &#8211; Dicembre 2020, ecco la nuova data di avvio del servizio"},"content":{"rendered":"<p>Buone notizie sui tempi di conclusione del cantiere della metropolitana in piazza Bengasi. I lavori del tunnel nel tratto tra il Lingotto e il confine con Moncalieri dovrebbero terminare nel 2020. L&#8217;annunciato \u00e8 stato del vicesindaco di Torino Guido Montanari pochi giorni fa, confermando quanto detto poco prima dall\u2019assessore Maria Lapietra.\u00a0 Le opere civili saranno ultimate ad aprile, mentre tra pochi mesi partiranno i lavori sull\u2019impiantistica. Questi dovrebbero concludersi ad ottobre 2020. Toccher\u00e0 poi a Gtt avviare i collaudi necessari: se tutto filer\u00e0 liscio a dicembre 2020 la metro sar\u00e0 realt\u00e0.<\/p>\n","protected":false},"excerpt":{"rendered":"","protected":false},"author":11,"featured_media":4371,"comment_status":"open","ping_status":"closed","sticky":false,"template":"","format":"standard","meta":[],"categories":[34],"tags":[],"news-destination":[],"news-source":[],"is_homepage":[],"ta_other":[],"_links":{"self":[{"href":"https:\/\/www.ilmercoledi.news\/ilmercoledi\/news\/wp-json\/wp\/v2\/posts\/20118"}],"collection":[{"href":"https:\/\/www.ilmercoledi.news\/ilmercoledi\/news\/wp-json\/wp\/v2\/posts"}],"about":[{"href":"https:\/\/www.ilmercoledi.news\/ilmercoledi\/news\/wp-json\/wp\/v2\/types\/post"}],"author":[{"embeddable":true,"href":"https:\/\/www.ilmercoledi.news\/ilmercoledi\/news\/wp-json\/wp\/v2\/users\/11"}],"replies":[{"embeddable":true,"href":"https:\/\/www.ilmercoledi.news\/ilmercoledi\/news\/wp-json\/wp\/v2\/comments?post=20118"}],"version-history":[{"count":1,"href":"https:\/\/www.ilmercoledi.news\/ilmercoledi\/news\/wp-json\/wp\/v2\/posts\/20118\/revisions"}],"predecessor-version":[{"id":20119,"href":"https:\/\/www.ilmercoledi.news\/ilmercoledi\/news\/wp-json\/wp\/v2\/posts\/20118\/revisions\/20119"}],"wp:featuredmedia":[{"embeddable":true,"href":"https:\/\/www.ilmercoledi.news\/ilmercoledi\/news\/wp-json\/wp\/v2\/media\/4371"}],"wp:attachment":[{"href":"https:\/\/www.ilmercoledi.news\/ilmercoledi\/news\/wp-json\/wp\/v2\/media?parent=20118"}],"wp:term":[{"taxonomy":"category","embeddable":true,"href":"https:\/\/www.ilmercoledi.news\/ilmercoledi\/news\/wp-json\/wp\/v2\/categories?post=20118"},{"taxonomy":"post_tag","embeddable":true,"href":"https:\/\/www.ilmercoledi.news\/ilmercoledi\/news\/wp-json\/wp\/v2\/tags?post=20118"},{"taxonomy":"news-destination","embeddable":true,"href":"https:\/\/www.ilmercoledi.news\/ilmercoledi\/news\/wp-json\/wp\/v2\/news-destination?post=20118"},{"taxonomy":"news-source","embeddable":true,"href":"https:\/\/www.ilmercoledi.news\/ilmercoledi\/news\/wp-json\/wp\/v2\/news-source?post=20118"},{"taxonomy":"is_homepage","embeddable":true,"href":"https:\/\/www.ilmercoledi.news\/ilmercoledi\/news\/wp-json\/wp\/v2\/is_homepage?post=20118"},{"taxonomy":"ta_other","embeddable":true,"href":"https:\/\/www.ilmercoledi.news\/ilmercoledi\/news\/wp-json\/wp\/v2\/ta_other?post=20118"}],"curies":[{"name":"wp","href":"https:\/\/api.w.org\/{rel}","templated":true}]}}