{"id":20260,"date":"2019-07-02T20:03:36","date_gmt":"2019-07-02T18:03:36","guid":{"rendered":"http:\/\/euwps02.tecnavia.com\/ilmercoledi\/news\/?p=20260"},"modified":"2019-07-03T07:52:55","modified_gmt":"2019-07-03T05:52:55","slug":"nichelino-giovedi-la-presentazione-del-nuovo-assessore","status":"publish","type":"post","link":"https:\/\/www.ilmercoledi.news\/2019\/07\/02\/nichelino-giovedi-la-presentazione-del-nuovo-assessore\/","title":{"rendered":"NICHELINO &#8211; Gioved\u00ec la presentazione del nuovo assessore"},"content":{"rendered":"<p align=\"left\">Gioved\u00ec 4 luglio, alle ore 17, nella Sala Mattei (Palazzo Comunale \u2013 Piazza di Vittorio, 1), il Sindaco di Nichelino, Giampiero Tolardo, presenter\u00e0 il nuovo componente della Giunta Comunale. Sostituir\u00e0 Diego Sarno, recentemente eletto nel Consiglio Regionale. Secondo le indiscrezioni si tratter\u00e0 di un esponente esterno ed indipendente. Non, quindi, un elemento vicino al Pd, che avrebbe messo a dura prova la tenuta della maggioranza. La scorsa notte \u00e8 andata in scena una riunione fiume delle varie anime che sostengono Tolardo. La tensione \u00e8 salita alle stelle quando lo scontro sulla possibilit\u00e0 di far rientrate il Pd in maggioranza ha rischiato di far cadere l&#8217;intero governo comunale. Alla fine, Tolardo ha dovuto cedere alle pressioni dei suoi alleati che chiedevano di non modificare la squadra fino al 2021, quando si andr\u00e0 a votare. La riunione ha quindi prodotto un documento di impegno per non modificare gli assetti.<\/p>\n","protected":false},"excerpt":{"rendered":"","protected":false},"author":11,"featured_media":1869,"comment_status":"open","ping_status":"closed","sticky":false,"template":"","format":"standard","meta":[],"categories":[34],"tags":[],"news-destination":[],"news-source":[],"is_homepage":[],"ta_other":[],"_links":{"self":[{"href":"https:\/\/www.ilmercoledi.news\/ilmercoledi\/news\/wp-json\/wp\/v2\/posts\/20260"}],"collection":[{"href":"https:\/\/www.ilmercoledi.news\/ilmercoledi\/news\/wp-json\/wp\/v2\/posts"}],"about":[{"href":"https:\/\/www.ilmercoledi.news\/ilmercoledi\/news\/wp-json\/wp\/v2\/types\/post"}],"author":[{"embeddable":true,"href":"https:\/\/www.ilmercoledi.news\/ilmercoledi\/news\/wp-json\/wp\/v2\/users\/11"}],"replies":[{"embeddable":true,"href":"https:\/\/www.ilmercoledi.news\/ilmercoledi\/news\/wp-json\/wp\/v2\/comments?post=20260"}],"version-history":[{"count":1,"href":"https:\/\/www.ilmercoledi.news\/ilmercoledi\/news\/wp-json\/wp\/v2\/posts\/20260\/revisions"}],"predecessor-version":[{"id":20261,"href":"https:\/\/www.ilmercoledi.news\/ilmercoledi\/news\/wp-json\/wp\/v2\/posts\/20260\/revisions\/20261"}],"wp:featuredmedia":[{"embeddable":true,"href":"https:\/\/www.ilmercoledi.news\/ilmercoledi\/news\/wp-json\/wp\/v2\/media\/1869"}],"wp:attachment":[{"href":"https:\/\/www.ilmercoledi.news\/ilmercoledi\/news\/wp-json\/wp\/v2\/media?parent=20260"}],"wp:term":[{"taxonomy":"category","embeddable":true,"href":"https:\/\/www.ilmercoledi.news\/ilmercoledi\/news\/wp-json\/wp\/v2\/categories?post=20260"},{"taxonomy":"post_tag","embeddable":true,"href":"https:\/\/www.ilmercoledi.news\/ilmercoledi\/news\/wp-json\/wp\/v2\/tags?post=20260"},{"taxonomy":"news-destination","embeddable":true,"href":"https:\/\/www.ilmercoledi.news\/ilmercoledi\/news\/wp-json\/wp\/v2\/news-destination?post=20260"},{"taxonomy":"news-source","embeddable":true,"href":"https:\/\/www.ilmercoledi.news\/ilmercoledi\/news\/wp-json\/wp\/v2\/news-source?post=20260"},{"taxonomy":"is_homepage","embeddable":true,"href":"https:\/\/www.ilmercoledi.news\/ilmercoledi\/news\/wp-json\/wp\/v2\/is_homepage?post=20260"},{"taxonomy":"ta_other","embeddable":true,"href":"https:\/\/www.ilmercoledi.news\/ilmercoledi\/news\/wp-json\/wp\/v2\/ta_other?post=20260"}],"curies":[{"name":"wp","href":"https:\/\/api.w.org\/{rel}","templated":true}]}}