{"id":20325,"date":"2019-07-04T07:55:04","date_gmt":"2019-07-04T05:55:04","guid":{"rendered":"http:\/\/euwps02.tecnavia.com\/ilmercoledi\/news\/?p=20325"},"modified":"2019-07-04T08:03:53","modified_gmt":"2019-07-04T06:03:53","slug":"nichelino-scadono-i-termini-per-iscriversi-ai-soggiorni-marini","status":"publish","type":"post","link":"https:\/\/www.ilmercoledi.news\/2019\/07\/04\/nichelino-scadono-i-termini-per-iscriversi-ai-soggiorni-marini\/","title":{"rendered":"NICHELINO &#8211; Scadono i termini per iscriversi ai soggiorni marini"},"content":{"rendered":"<p>Scadono domani, 5 luglio, le iscrizioni per i soggiorni climatici, per persone con pi\u00f9 di 55 anni, del 2\u00b0 turno 2019. Sono previsti due viaggi: uno in Toscana e uno in Romagna.<\/p>\n<p>Ci si pu\u00f2 iscrivere al Centro sociale Grosa, in via Galimberti, a Nichelino, dal luned\u00ec al gioved\u00ec in orario 9 &#8211; 12 e 14 &#8211; 15.30, oppure il venerd\u00ec in orario 9 &#8211; 12. Previste riduzioni per determinate fasce di reddito, presentando la dichiarazione Isee 2019. In caso di disponibilit\u00e0 di posti, saranno accettate iscrizioni di persone con meno di 55 anni. Info: Ufficio politiche sociali in via Del Pascolo, 13\/a &#8211; tel. 011\/6819533 oppure e-mail a\u00a0antonella.macri@comune.nichelino.to.ite\u00a0annamaria.bisconti@comune.nichelino.to.it\u00a0.<\/p>\n","protected":false},"excerpt":{"rendered":"","protected":false},"author":11,"featured_media":7350,"comment_status":"open","ping_status":"closed","sticky":false,"template":"","format":"standard","meta":[],"categories":[34],"tags":[],"news-destination":[],"news-source":[],"is_homepage":[],"ta_other":[],"_links":{"self":[{"href":"https:\/\/www.ilmercoledi.news\/ilmercoledi\/news\/wp-json\/wp\/v2\/posts\/20325"}],"collection":[{"href":"https:\/\/www.ilmercoledi.news\/ilmercoledi\/news\/wp-json\/wp\/v2\/posts"}],"about":[{"href":"https:\/\/www.ilmercoledi.news\/ilmercoledi\/news\/wp-json\/wp\/v2\/types\/post"}],"author":[{"embeddable":true,"href":"https:\/\/www.ilmercoledi.news\/ilmercoledi\/news\/wp-json\/wp\/v2\/users\/11"}],"replies":[{"embeddable":true,"href":"https:\/\/www.ilmercoledi.news\/ilmercoledi\/news\/wp-json\/wp\/v2\/comments?post=20325"}],"version-history":[{"count":1,"href":"https:\/\/www.ilmercoledi.news\/ilmercoledi\/news\/wp-json\/wp\/v2\/posts\/20325\/revisions"}],"predecessor-version":[{"id":20326,"href":"https:\/\/www.ilmercoledi.news\/ilmercoledi\/news\/wp-json\/wp\/v2\/posts\/20325\/revisions\/20326"}],"wp:featuredmedia":[{"embeddable":true,"href":"https:\/\/www.ilmercoledi.news\/ilmercoledi\/news\/wp-json\/wp\/v2\/media\/7350"}],"wp:attachment":[{"href":"https:\/\/www.ilmercoledi.news\/ilmercoledi\/news\/wp-json\/wp\/v2\/media?parent=20325"}],"wp:term":[{"taxonomy":"category","embeddable":true,"href":"https:\/\/www.ilmercoledi.news\/ilmercoledi\/news\/wp-json\/wp\/v2\/categories?post=20325"},{"taxonomy":"post_tag","embeddable":true,"href":"https:\/\/www.ilmercoledi.news\/ilmercoledi\/news\/wp-json\/wp\/v2\/tags?post=20325"},{"taxonomy":"news-destination","embeddable":true,"href":"https:\/\/www.ilmercoledi.news\/ilmercoledi\/news\/wp-json\/wp\/v2\/news-destination?post=20325"},{"taxonomy":"news-source","embeddable":true,"href":"https:\/\/www.ilmercoledi.news\/ilmercoledi\/news\/wp-json\/wp\/v2\/news-source?post=20325"},{"taxonomy":"is_homepage","embeddable":true,"href":"https:\/\/www.ilmercoledi.news\/ilmercoledi\/news\/wp-json\/wp\/v2\/is_homepage?post=20325"},{"taxonomy":"ta_other","embeddable":true,"href":"https:\/\/www.ilmercoledi.news\/ilmercoledi\/news\/wp-json\/wp\/v2\/ta_other?post=20325"}],"curies":[{"name":"wp","href":"https:\/\/api.w.org\/{rel}","templated":true}]}}