{"id":20370,"date":"2019-07-05T15:01:49","date_gmt":"2019-07-05T13:01:49","guid":{"rendered":"http:\/\/euwps02.tecnavia.com\/ilmercoledi\/news\/?p=20370"},"modified":"2019-07-05T15:01:53","modified_gmt":"2019-07-05T13:01:53","slug":"li-progetto-moncalieri-citta-rigenerativa-porta-in-citta-il-villaggio-agricolo-coldiretti","status":"publish","type":"post","link":"https:\/\/www.ilmercoledi.news\/2019\/07\/05\/li-progetto-moncalieri-citta-rigenerativa-porta-in-citta-il-villaggio-agricolo-coldiretti\/","title":{"rendered":"lI progetto Moncalieri Citt\u00e0 Rigenerativa porta in citt\u00e0 il villaggio agricolo Coldiretti"},"content":{"rendered":"<p>\u201c Moncalieri Citt\u00e0 Rigenerativa \u201d: \u00e8 il tema della conferenza stampa di presentazione del progetto, in programma gioved\u00ec 11 luglio, con inizio alle 12, nella sala matrimoni del municipio di Moncalieri. Intervengono: Paolo Montagna , sindaco di Moncalieri; Angelo Ferrero , assessore alle Risorse agricole, di Moncalieri; Michele Mellano , direttore di Coldiretti Torino. Si rinnova per il quarto anno la collaborazione tra la citt\u00e0 di Moncalieri e Coldiretti Torino che, grazie alla sottoscrizione di un Accordo quadro , dal 2016 attuano progettualit\u00e0 sul territorio moncalierese all\u2019insegna della sostenibilit\u00e0. Angelo Ferrero , assessore alle Risorse agricole della citt\u00e0, informa: \u00abMoncalieri Citt\u00e0 Rigenerativa mira a rinsaldare e implementare le reti virtuose e innovative gi\u00e0 realizzate negli anni precedenti. Con citt\u00e0 rigenerativa si intende un modello di citt\u00e0 virtuosa che adotta i principi dell\u2019economia circolare, promuovendo la sostenibilit\u00e0 economica, sociale e ambientale. Promuovere la sostenibilit\u00e0 a tuttotondo significa porsi molteplici obiettivi: sostenere nuovi modelli di consumo che mirino alla riduzione degli output e considerino il riuso di ci\u00f2 che \u00e8 definito rifiuto. Significa valorizzare le risorse naturali, economiche e sociali esistenti e come gi\u00e0 accennato. Significa rinforzare le reti multisettoriali gi\u00e0 presenti e realizzarne di nuove. Significa informare e sensibilizzare costantemente la cittadinanza ad adottare nuove pratiche e nuovi stili di vita pi\u00f9 consapevoli\u00bb.<\/p>\n","protected":false},"excerpt":{"rendered":"","protected":false},"author":11,"featured_media":1982,"comment_status":"open","ping_status":"closed","sticky":false,"template":"","format":"standard","meta":[],"categories":[34],"tags":[],"news-destination":[],"news-source":[],"is_homepage":[],"ta_other":[],"_links":{"self":[{"href":"https:\/\/www.ilmercoledi.news\/ilmercoledi\/news\/wp-json\/wp\/v2\/posts\/20370"}],"collection":[{"href":"https:\/\/www.ilmercoledi.news\/ilmercoledi\/news\/wp-json\/wp\/v2\/posts"}],"about":[{"href":"https:\/\/www.ilmercoledi.news\/ilmercoledi\/news\/wp-json\/wp\/v2\/types\/post"}],"author":[{"embeddable":true,"href":"https:\/\/www.ilmercoledi.news\/ilmercoledi\/news\/wp-json\/wp\/v2\/users\/11"}],"replies":[{"embeddable":true,"href":"https:\/\/www.ilmercoledi.news\/ilmercoledi\/news\/wp-json\/wp\/v2\/comments?post=20370"}],"version-history":[{"count":1,"href":"https:\/\/www.ilmercoledi.news\/ilmercoledi\/news\/wp-json\/wp\/v2\/posts\/20370\/revisions"}],"predecessor-version":[{"id":20371,"href":"https:\/\/www.ilmercoledi.news\/ilmercoledi\/news\/wp-json\/wp\/v2\/posts\/20370\/revisions\/20371"}],"wp:featuredmedia":[{"embeddable":true,"href":"https:\/\/www.ilmercoledi.news\/ilmercoledi\/news\/wp-json\/wp\/v2\/media\/1982"}],"wp:attachment":[{"href":"https:\/\/www.ilmercoledi.news\/ilmercoledi\/news\/wp-json\/wp\/v2\/media?parent=20370"}],"wp:term":[{"taxonomy":"category","embeddable":true,"href":"https:\/\/www.ilmercoledi.news\/ilmercoledi\/news\/wp-json\/wp\/v2\/categories?post=20370"},{"taxonomy":"post_tag","embeddable":true,"href":"https:\/\/www.ilmercoledi.news\/ilmercoledi\/news\/wp-json\/wp\/v2\/tags?post=20370"},{"taxonomy":"news-destination","embeddable":true,"href":"https:\/\/www.ilmercoledi.news\/ilmercoledi\/news\/wp-json\/wp\/v2\/news-destination?post=20370"},{"taxonomy":"news-source","embeddable":true,"href":"https:\/\/www.ilmercoledi.news\/ilmercoledi\/news\/wp-json\/wp\/v2\/news-source?post=20370"},{"taxonomy":"is_homepage","embeddable":true,"href":"https:\/\/www.ilmercoledi.news\/ilmercoledi\/news\/wp-json\/wp\/v2\/is_homepage?post=20370"},{"taxonomy":"ta_other","embeddable":true,"href":"https:\/\/www.ilmercoledi.news\/ilmercoledi\/news\/wp-json\/wp\/v2\/ta_other?post=20370"}],"curies":[{"name":"wp","href":"https:\/\/api.w.org\/{rel}","templated":true}]}}