{"id":20529,"date":"2019-07-10T14:50:52","date_gmt":"2019-07-10T12:50:52","guid":{"rendered":"http:\/\/euwps02.tecnavia.com\/ilmercoledi\/news\/?p=20529"},"modified":"2019-07-10T14:50:56","modified_gmt":"2019-07-10T12:50:56","slug":"trofarello-concessioni-autostradali-lattacco-del-gruppo-metropolitano-cancellati-i-progetti","status":"publish","type":"post","link":"https:\/\/www.ilmercoledi.news\/2019\/07\/10\/trofarello-concessioni-autostradali-lattacco-del-gruppo-metropolitano-cancellati-i-progetti\/","title":{"rendered":"TROFARELLO &#8211; Concessioni autostradali, l&#8217;attacco del gruppo metropolitano: &#8220;Cancellati i progetti&#8221;"},"content":{"rendered":"<p>Attacco frontale del gruppo consiliare di opposizione in Citt\u00e0 Metropolitana, &#8220;Citt\u00e0 di Citt\u00e0&#8221;, dopo la discussione in data odierna di una interpellanza in merito alle dichiarazioni del sottosegretario Dell\u2019Orco (5 Stelle), sul rinnovo delle concessioni autostradali. &#8220;Il Ministro dei trasporti Toninelli esclude Citt\u00e0 Metropolitana di Torino dalla discussione sul bando di rinnovo della concessione autostradale &#8211; spiega il capogruppo Roberto Mont\u00e0 -, le tante richieste provenienti dai comuni e dai cittadini di sopprimere caselli (es. Beinasco, Rivoli, Trofarello), rivedere i pedaggi e realizzare nuove infrastrutture utili al territorio (nodo idraulico di Ivrea, corso Marche, opere collaterali di manutenzione straordinaria di accessi e viabilit\u00e0 metropolitana) cadranno nel vuoto per\u00a0 disinteresse da parte del Governo nazionale ad occuparsi dei bisogni del nostro territorio, con la silente complicit\u00e0 della Sindaca di Torino e Metropolitana&#8221;.<\/p>\n","protected":false},"excerpt":{"rendered":"","protected":false},"author":11,"featured_media":10400,"comment_status":"open","ping_status":"closed","sticky":false,"template":"","format":"standard","meta":[],"categories":[34],"tags":[],"news-destination":[],"news-source":[],"is_homepage":[],"ta_other":[],"_links":{"self":[{"href":"https:\/\/www.ilmercoledi.news\/ilmercoledi\/news\/wp-json\/wp\/v2\/posts\/20529"}],"collection":[{"href":"https:\/\/www.ilmercoledi.news\/ilmercoledi\/news\/wp-json\/wp\/v2\/posts"}],"about":[{"href":"https:\/\/www.ilmercoledi.news\/ilmercoledi\/news\/wp-json\/wp\/v2\/types\/post"}],"author":[{"embeddable":true,"href":"https:\/\/www.ilmercoledi.news\/ilmercoledi\/news\/wp-json\/wp\/v2\/users\/11"}],"replies":[{"embeddable":true,"href":"https:\/\/www.ilmercoledi.news\/ilmercoledi\/news\/wp-json\/wp\/v2\/comments?post=20529"}],"version-history":[{"count":1,"href":"https:\/\/www.ilmercoledi.news\/ilmercoledi\/news\/wp-json\/wp\/v2\/posts\/20529\/revisions"}],"predecessor-version":[{"id":20530,"href":"https:\/\/www.ilmercoledi.news\/ilmercoledi\/news\/wp-json\/wp\/v2\/posts\/20529\/revisions\/20530"}],"wp:featuredmedia":[{"embeddable":true,"href":"https:\/\/www.ilmercoledi.news\/ilmercoledi\/news\/wp-json\/wp\/v2\/media\/10400"}],"wp:attachment":[{"href":"https:\/\/www.ilmercoledi.news\/ilmercoledi\/news\/wp-json\/wp\/v2\/media?parent=20529"}],"wp:term":[{"taxonomy":"category","embeddable":true,"href":"https:\/\/www.ilmercoledi.news\/ilmercoledi\/news\/wp-json\/wp\/v2\/categories?post=20529"},{"taxonomy":"post_tag","embeddable":true,"href":"https:\/\/www.ilmercoledi.news\/ilmercoledi\/news\/wp-json\/wp\/v2\/tags?post=20529"},{"taxonomy":"news-destination","embeddable":true,"href":"https:\/\/www.ilmercoledi.news\/ilmercoledi\/news\/wp-json\/wp\/v2\/news-destination?post=20529"},{"taxonomy":"news-source","embeddable":true,"href":"https:\/\/www.ilmercoledi.news\/ilmercoledi\/news\/wp-json\/wp\/v2\/news-source?post=20529"},{"taxonomy":"is_homepage","embeddable":true,"href":"https:\/\/www.ilmercoledi.news\/ilmercoledi\/news\/wp-json\/wp\/v2\/is_homepage?post=20529"},{"taxonomy":"ta_other","embeddable":true,"href":"https:\/\/www.ilmercoledi.news\/ilmercoledi\/news\/wp-json\/wp\/v2\/ta_other?post=20529"}],"curies":[{"name":"wp","href":"https:\/\/api.w.org\/{rel}","templated":true}]}}