{"id":20549,"date":"2019-07-11T07:43:28","date_gmt":"2019-07-11T05:43:28","guid":{"rendered":"http:\/\/euwps02.tecnavia.com\/ilmercoledi\/news\/?p=20549"},"modified":"2019-07-11T07:43:31","modified_gmt":"2019-07-11T05:43:31","slug":"nichelino-ricoverata-al-santa-croce-con-segni-di-strangolamento","status":"publish","type":"post","link":"https:\/\/www.ilmercoledi.news\/2019\/07\/11\/nichelino-ricoverata-al-santa-croce-con-segni-di-strangolamento\/","title":{"rendered":"NICHELINO &#8211; Ricoverata al Santa Croce con segni di strangolamento"},"content":{"rendered":"<p>Un donna \u00e8 stata soccorsa a Nichelino e portata al Santa Croce di Moncalieri, per alcune ferite da taglio e segni di strangolamento al collo. Ricoverata in osservazione, \u00e8 stata poi dimessa con una prognosi di circa tre settimane. Ai medici e ai carabinieri intervenuti per capire la dinamica di quello che le era successo, non ha voluto rilasciare alcuna deposizione. Forse spaventata, \u00e8 rimasta nel suo guscio finch\u00e8 non \u00e8 stata dimessa. Un vero mistero, nato dal soccorso di un passante che l&#8217;ha sentita lamentarsi appoggiata al muro di uno stabile di via Moncenisio.<\/p>\n","protected":false},"excerpt":{"rendered":"","protected":false},"author":11,"featured_media":1009,"comment_status":"open","ping_status":"closed","sticky":false,"template":"","format":"standard","meta":[],"categories":[34],"tags":[],"news-destination":[],"news-source":[],"is_homepage":[],"ta_other":[],"_links":{"self":[{"href":"https:\/\/www.ilmercoledi.news\/ilmercoledi\/news\/wp-json\/wp\/v2\/posts\/20549"}],"collection":[{"href":"https:\/\/www.ilmercoledi.news\/ilmercoledi\/news\/wp-json\/wp\/v2\/posts"}],"about":[{"href":"https:\/\/www.ilmercoledi.news\/ilmercoledi\/news\/wp-json\/wp\/v2\/types\/post"}],"author":[{"embeddable":true,"href":"https:\/\/www.ilmercoledi.news\/ilmercoledi\/news\/wp-json\/wp\/v2\/users\/11"}],"replies":[{"embeddable":true,"href":"https:\/\/www.ilmercoledi.news\/ilmercoledi\/news\/wp-json\/wp\/v2\/comments?post=20549"}],"version-history":[{"count":1,"href":"https:\/\/www.ilmercoledi.news\/ilmercoledi\/news\/wp-json\/wp\/v2\/posts\/20549\/revisions"}],"predecessor-version":[{"id":20550,"href":"https:\/\/www.ilmercoledi.news\/ilmercoledi\/news\/wp-json\/wp\/v2\/posts\/20549\/revisions\/20550"}],"wp:featuredmedia":[{"embeddable":true,"href":"https:\/\/www.ilmercoledi.news\/ilmercoledi\/news\/wp-json\/wp\/v2\/media\/1009"}],"wp:attachment":[{"href":"https:\/\/www.ilmercoledi.news\/ilmercoledi\/news\/wp-json\/wp\/v2\/media?parent=20549"}],"wp:term":[{"taxonomy":"category","embeddable":true,"href":"https:\/\/www.ilmercoledi.news\/ilmercoledi\/news\/wp-json\/wp\/v2\/categories?post=20549"},{"taxonomy":"post_tag","embeddable":true,"href":"https:\/\/www.ilmercoledi.news\/ilmercoledi\/news\/wp-json\/wp\/v2\/tags?post=20549"},{"taxonomy":"news-destination","embeddable":true,"href":"https:\/\/www.ilmercoledi.news\/ilmercoledi\/news\/wp-json\/wp\/v2\/news-destination?post=20549"},{"taxonomy":"news-source","embeddable":true,"href":"https:\/\/www.ilmercoledi.news\/ilmercoledi\/news\/wp-json\/wp\/v2\/news-source?post=20549"},{"taxonomy":"is_homepage","embeddable":true,"href":"https:\/\/www.ilmercoledi.news\/ilmercoledi\/news\/wp-json\/wp\/v2\/is_homepage?post=20549"},{"taxonomy":"ta_other","embeddable":true,"href":"https:\/\/www.ilmercoledi.news\/ilmercoledi\/news\/wp-json\/wp\/v2\/ta_other?post=20549"}],"curies":[{"name":"wp","href":"https:\/\/api.w.org\/{rel}","templated":true}]}}