{"id":21214,"date":"2019-07-30T18:16:18","date_gmt":"2019-07-30T16:16:18","guid":{"rendered":"http:\/\/euwps02.tecnavia.com\/ilmercoledi\/news\/?p=21214"},"modified":"2019-07-30T18:16:21","modified_gmt":"2019-07-30T16:16:21","slug":"gara-tutta-in-salita-per-benotto","status":"publish","type":"post","link":"https:\/\/www.ilmercoledi.news\/2019\/07\/30\/gara-tutta-in-salita-per-benotto\/","title":{"rendered":"Gara tutta in salita per Benotto"},"content":{"rendered":"<p>Si \u00e8 concluso domenica scorsa il tanto atteso rally di Alba, valido come tappa del campionato WRC che ha visto passare sulla pedana di partenza oltre 180 equipaggi. Tra i tanti nomi altisonanti, come il pluri campione del mondo Sebastian Loeb, anche un portacolori della scuderia torinese Aeffe Sport e Comunicazione. Una gara tutta in salita quella di Alba per Alessandro Benotto e il suo navigatore Flavio Aivano. Nella prima prova spettacolo di sabato, al primo giro nel circuito, si \u00e8 rotta la leva del cambio della sua Peugeot 205 GTI; l\u2019equipaggio ha cos\u00ec dovuto affrontare il secondo passaggio tutto in terza. Arrivati in assistenza, grazie al duro lavoro dei meccanici, la vettura \u00e8 stata sistemata per la partenza della tappa di domenica.<br \/>\nAncora una volta, per\u00f2, la fortuna non \u00e8 stata dalla loro parte. A soli 7 chilometri del primo tratto cronometrato, si \u00e8 rotto il semi asse, costringendo cos\u00ec Benotto al ritiro. Le sue parole: \u201cla gara \u00e8 andata malissimo. Purtroppo abbiamo avuto noie meccaniche gi\u00e0 da sabato sera. Ripristinato il tutto, anche domenica un guasto meccanico. Quest\u2019anno \u00e8 il 3\u00b0 semiasse che si rompe. Siamo delusi, amareggiati e svogliati. Queste cose ti snervano a tal punto che neanche ti innervosisci pi\u00f9. Diciamo che fa parte del gioco, avremmo potuto divertirci per\u00f2 \u00e8 andata cos\u00ec. Le strade erano sporche, ma anche questo \u00e8 il rally. Per come si \u00e8 poi aperta la giornata, poteva essere una bellissima gara. Speriamo che la prossima volta vada meglio e sia pi\u00f9 soddisfacente\u201d.<\/p>\n","protected":false},"excerpt":{"rendered":"","protected":false},"author":10,"featured_media":21215,"comment_status":"open","ping_status":"closed","sticky":false,"template":"","format":"standard","meta":[],"categories":[10],"tags":[],"news-destination":[],"news-source":[],"is_homepage":[],"ta_other":[],"_links":{"self":[{"href":"https:\/\/www.ilmercoledi.news\/ilmercoledi\/news\/wp-json\/wp\/v2\/posts\/21214"}],"collection":[{"href":"https:\/\/www.ilmercoledi.news\/ilmercoledi\/news\/wp-json\/wp\/v2\/posts"}],"about":[{"href":"https:\/\/www.ilmercoledi.news\/ilmercoledi\/news\/wp-json\/wp\/v2\/types\/post"}],"author":[{"embeddable":true,"href":"https:\/\/www.ilmercoledi.news\/ilmercoledi\/news\/wp-json\/wp\/v2\/users\/10"}],"replies":[{"embeddable":true,"href":"https:\/\/www.ilmercoledi.news\/ilmercoledi\/news\/wp-json\/wp\/v2\/comments?post=21214"}],"version-history":[{"count":1,"href":"https:\/\/www.ilmercoledi.news\/ilmercoledi\/news\/wp-json\/wp\/v2\/posts\/21214\/revisions"}],"predecessor-version":[{"id":21216,"href":"https:\/\/www.ilmercoledi.news\/ilmercoledi\/news\/wp-json\/wp\/v2\/posts\/21214\/revisions\/21216"}],"wp:featuredmedia":[{"embeddable":true,"href":"https:\/\/www.ilmercoledi.news\/ilmercoledi\/news\/wp-json\/wp\/v2\/media\/21215"}],"wp:attachment":[{"href":"https:\/\/www.ilmercoledi.news\/ilmercoledi\/news\/wp-json\/wp\/v2\/media?parent=21214"}],"wp:term":[{"taxonomy":"category","embeddable":true,"href":"https:\/\/www.ilmercoledi.news\/ilmercoledi\/news\/wp-json\/wp\/v2\/categories?post=21214"},{"taxonomy":"post_tag","embeddable":true,"href":"https:\/\/www.ilmercoledi.news\/ilmercoledi\/news\/wp-json\/wp\/v2\/tags?post=21214"},{"taxonomy":"news-destination","embeddable":true,"href":"https:\/\/www.ilmercoledi.news\/ilmercoledi\/news\/wp-json\/wp\/v2\/news-destination?post=21214"},{"taxonomy":"news-source","embeddable":true,"href":"https:\/\/www.ilmercoledi.news\/ilmercoledi\/news\/wp-json\/wp\/v2\/news-source?post=21214"},{"taxonomy":"is_homepage","embeddable":true,"href":"https:\/\/www.ilmercoledi.news\/ilmercoledi\/news\/wp-json\/wp\/v2\/is_homepage?post=21214"},{"taxonomy":"ta_other","embeddable":true,"href":"https:\/\/www.ilmercoledi.news\/ilmercoledi\/news\/wp-json\/wp\/v2\/ta_other?post=21214"}],"curies":[{"name":"wp","href":"https:\/\/api.w.org\/{rel}","templated":true}]}}