{"id":21217,"date":"2019-07-30T18:18:44","date_gmt":"2019-07-30T16:18:44","guid":{"rendered":"http:\/\/euwps02.tecnavia.com\/ilmercoledi\/news\/?p=21217"},"modified":"2019-07-30T18:18:46","modified_gmt":"2019-07-30T16:18:46","slug":"due-gi-sport-poche-gioie-tanti-dolori","status":"publish","type":"post","link":"https:\/\/www.ilmercoledi.news\/2019\/07\/30\/due-gi-sport-poche-gioie-tanti-dolori\/","title":{"rendered":"Due Gi Sport: poche gioie, tanti dolori"},"content":{"rendered":"<p>MONCALIERI &#8211; Per due equipaggi della scuderia torinese DueGi Sport aver partecipato alla 13\u00b0 edizione del rally di Alba, sar\u00e0 sicuramente un ricordo importante. Quest\u2019anno infatti, \u00e8 stata tappa del campionato WRC, con un palco partenti che entrer\u00e0 a far parte degli annali, non solo per il numero di iscritti che ha superato quota 180, ma anche per aver ospitato Sebastian Loeb.<br \/>\nAndrea Lomonaco e il suo navigatore Fabio Gulmini, erano pronti per affrontare con la loro solita grinta le speciali di questa edizione del rally di Alba. Purtroppo per\u00f2 non hanno avuto occasione di effettuare nemmeno la prova spettacolo di sabato sera in quanto, poche centinaia di metri dopo il co, la Citroen C2 si \u00e8 ammutolita, lasciando cos\u00ec l\u2019equipaggio della DueGi Sport con l\u2019amaro in bocca. Nonostante il duro lavoro dei meccanici in assistenza, non si \u00e8 riusciti a riscontrare esattamente la problematica e cos\u00ec non \u00e8 stato possibile per l\u2019equipaggio duegino ripartire. Il pilota ha cos\u00ec commentato: \u201ccrediamo sia stato un problema di centralina. Ma ancora di certo non c\u2019\u00e8 nulla. Sta di fatto che fino alla partenza in piazza ad Alba funzionava tutto, poi di colpo non ha pi\u00f9 dato segni di vita.\u201d<br \/>\nEric Odin con alle note Martina Balducchi su Citroen Saxo VTS sulle prime prove della domenica mattina ha avuto maggiori distacchi dai compagni della sua classe, per via delle prove parecchio sporche a causa dei diversi tagli. Nonostante questo per\u00f2, l\u2019equipaggio era terzo in N2. Sulla Santo Stefano, nel tentativo di riscatto, il pilota ha preso dei rischi che hanno compromesso cos\u00ec la sua corsa contro il cronometro e lo hanno costretto a consegnare la tabella. Le parole di Eric: \u201cuna gara veramente folle questo rally di Alba, moltissima gente, in pi\u00f9 la pioggia a complicare le cose. \u00c8 stato un po\u2019 un disastro specialmente per noi che partiamo con le macchine piccole e partiamo indietro. Probabilmente non riesco a buttarmi nei tagli e questo mi amareggia un po\u2019. Sulle prime speciali non sono andato benissimo, ma ero comunque sul terzo gradino del podio. Credevo di potermi rifare sulla Santo Stefano, dove ho osato di pi\u00f9, ma si sa che a volte se si prendono dei rischi, c\u2019\u00e8 pi\u00f9 probabilit\u00e0 di toccare\u2026e io ho toccato con una ruota rompendo una testina e mi sono dovuto fermare. Purtroppo \u00e8 andata cos\u00ec.\u201d<\/p>\n","protected":false},"excerpt":{"rendered":"","protected":false},"author":10,"featured_media":21218,"comment_status":"open","ping_status":"closed","sticky":false,"template":"","format":"standard","meta":[],"categories":[10],"tags":[],"news-destination":[],"news-source":[],"is_homepage":[],"ta_other":[],"_links":{"self":[{"href":"https:\/\/www.ilmercoledi.news\/ilmercoledi\/news\/wp-json\/wp\/v2\/posts\/21217"}],"collection":[{"href":"https:\/\/www.ilmercoledi.news\/ilmercoledi\/news\/wp-json\/wp\/v2\/posts"}],"about":[{"href":"https:\/\/www.ilmercoledi.news\/ilmercoledi\/news\/wp-json\/wp\/v2\/types\/post"}],"author":[{"embeddable":true,"href":"https:\/\/www.ilmercoledi.news\/ilmercoledi\/news\/wp-json\/wp\/v2\/users\/10"}],"replies":[{"embeddable":true,"href":"https:\/\/www.ilmercoledi.news\/ilmercoledi\/news\/wp-json\/wp\/v2\/comments?post=21217"}],"version-history":[{"count":1,"href":"https:\/\/www.ilmercoledi.news\/ilmercoledi\/news\/wp-json\/wp\/v2\/posts\/21217\/revisions"}],"predecessor-version":[{"id":21219,"href":"https:\/\/www.ilmercoledi.news\/ilmercoledi\/news\/wp-json\/wp\/v2\/posts\/21217\/revisions\/21219"}],"wp:featuredmedia":[{"embeddable":true,"href":"https:\/\/www.ilmercoledi.news\/ilmercoledi\/news\/wp-json\/wp\/v2\/media\/21218"}],"wp:attachment":[{"href":"https:\/\/www.ilmercoledi.news\/ilmercoledi\/news\/wp-json\/wp\/v2\/media?parent=21217"}],"wp:term":[{"taxonomy":"category","embeddable":true,"href":"https:\/\/www.ilmercoledi.news\/ilmercoledi\/news\/wp-json\/wp\/v2\/categories?post=21217"},{"taxonomy":"post_tag","embeddable":true,"href":"https:\/\/www.ilmercoledi.news\/ilmercoledi\/news\/wp-json\/wp\/v2\/tags?post=21217"},{"taxonomy":"news-destination","embeddable":true,"href":"https:\/\/www.ilmercoledi.news\/ilmercoledi\/news\/wp-json\/wp\/v2\/news-destination?post=21217"},{"taxonomy":"news-source","embeddable":true,"href":"https:\/\/www.ilmercoledi.news\/ilmercoledi\/news\/wp-json\/wp\/v2\/news-source?post=21217"},{"taxonomy":"is_homepage","embeddable":true,"href":"https:\/\/www.ilmercoledi.news\/ilmercoledi\/news\/wp-json\/wp\/v2\/is_homepage?post=21217"},{"taxonomy":"ta_other","embeddable":true,"href":"https:\/\/www.ilmercoledi.news\/ilmercoledi\/news\/wp-json\/wp\/v2\/ta_other?post=21217"}],"curies":[{"name":"wp","href":"https:\/\/api.w.org\/{rel}","templated":true}]}}