{"id":21247,"date":"2019-07-31T09:42:22","date_gmt":"2019-07-31T07:42:22","guid":{"rendered":"http:\/\/euwps02.tecnavia.com\/ilmercoledi\/news\/?p=21247"},"modified":"2019-07-31T09:42:27","modified_gmt":"2019-07-31T07:42:27","slug":"smog-i-blocchi-torneranno","status":"publish","type":"post","link":"https:\/\/www.ilmercoledi.news\/2019\/07\/31\/smog-i-blocchi-torneranno\/","title":{"rendered":"Smog: i blocchi torneranno"},"content":{"rendered":"<p>Dall\u2019incontro di ieri, marted\u00ec 30 luglio, nell\u2019ambito del Tavolo di Coordinamento sulla Qualit\u00e0 dell\u2019Aria, convocato nella sede di corso Inghilterra dalla consigliera delegata all\u2019ambiente e vigilanza ambientale, risorse idriche e qualit\u00e0 dell&#8217;aria, tutela flora e fauna, parchi e aree protette della Citt\u00e0 metropolitana di Torino, Barbara Azzar\u00e0, \u00e8 emerso quanto segue: \u00abLa Regione deve impegnarsi con maggiori energie sul piano della programmazione e in campo finanziario rispetto alle questioni ambientali, dalla disciplina per la circolazione degli automezzi pi\u00f9 inquinanti, agli incentivi per favorire il rinnovo del parco auto e incrementare l\u2019utilizzo del Trasporto Pubblico Locale. Grande attenzione deve essere rivolta anche al problema dell\u2019inquinamento causato dagli impianti di riscaldamento\u00bb. Alla incontro hanno preso parte anche<br \/>\n sindaci e amministratori comunali, tecnici e funzionari di Regione Piemonte e Citt\u00e0 metropolitana. La discussione ha preso spunto dalla bozza di delibera inviata dall\u2019amministrazione regionale, sulla base dell\u2019Accordo di Programma per l\u2019adozione di misure congiunte per il risanamento della qualit\u00e0 dell\u2019aria nel Bacino Padano. Il documento propone inoltre uno schema di ordinanza tipo per l\u2019applicazione delle misure di limitazione delle emissioni previste per la prossima stagione invernale. Una sorta di piano di intervento operativo che prevede ancora limitazioni del traffico veicolare da adottare nel caso di \u201csituazioni di perdurante accumulo degli inquinanti\u201d, in pratica ogni qualvolta vengono superati i limiti previsti dalla legge.<\/p>\n","protected":false},"excerpt":{"rendered":"","protected":false},"author":10,"featured_media":666,"comment_status":"open","ping_status":"closed","sticky":false,"template":"","format":"standard","meta":[],"categories":[294,34],"tags":[],"news-destination":[],"news-source":[],"is_homepage":[],"ta_other":[],"_links":{"self":[{"href":"https:\/\/www.ilmercoledi.news\/ilmercoledi\/news\/wp-json\/wp\/v2\/posts\/21247"}],"collection":[{"href":"https:\/\/www.ilmercoledi.news\/ilmercoledi\/news\/wp-json\/wp\/v2\/posts"}],"about":[{"href":"https:\/\/www.ilmercoledi.news\/ilmercoledi\/news\/wp-json\/wp\/v2\/types\/post"}],"author":[{"embeddable":true,"href":"https:\/\/www.ilmercoledi.news\/ilmercoledi\/news\/wp-json\/wp\/v2\/users\/10"}],"replies":[{"embeddable":true,"href":"https:\/\/www.ilmercoledi.news\/ilmercoledi\/news\/wp-json\/wp\/v2\/comments?post=21247"}],"version-history":[{"count":1,"href":"https:\/\/www.ilmercoledi.news\/ilmercoledi\/news\/wp-json\/wp\/v2\/posts\/21247\/revisions"}],"predecessor-version":[{"id":21249,"href":"https:\/\/www.ilmercoledi.news\/ilmercoledi\/news\/wp-json\/wp\/v2\/posts\/21247\/revisions\/21249"}],"wp:featuredmedia":[{"embeddable":true,"href":"https:\/\/www.ilmercoledi.news\/ilmercoledi\/news\/wp-json\/wp\/v2\/media\/666"}],"wp:attachment":[{"href":"https:\/\/www.ilmercoledi.news\/ilmercoledi\/news\/wp-json\/wp\/v2\/media?parent=21247"}],"wp:term":[{"taxonomy":"category","embeddable":true,"href":"https:\/\/www.ilmercoledi.news\/ilmercoledi\/news\/wp-json\/wp\/v2\/categories?post=21247"},{"taxonomy":"post_tag","embeddable":true,"href":"https:\/\/www.ilmercoledi.news\/ilmercoledi\/news\/wp-json\/wp\/v2\/tags?post=21247"},{"taxonomy":"news-destination","embeddable":true,"href":"https:\/\/www.ilmercoledi.news\/ilmercoledi\/news\/wp-json\/wp\/v2\/news-destination?post=21247"},{"taxonomy":"news-source","embeddable":true,"href":"https:\/\/www.ilmercoledi.news\/ilmercoledi\/news\/wp-json\/wp\/v2\/news-source?post=21247"},{"taxonomy":"is_homepage","embeddable":true,"href":"https:\/\/www.ilmercoledi.news\/ilmercoledi\/news\/wp-json\/wp\/v2\/is_homepage?post=21247"},{"taxonomy":"ta_other","embeddable":true,"href":"https:\/\/www.ilmercoledi.news\/ilmercoledi\/news\/wp-json\/wp\/v2\/ta_other?post=21247"}],"curies":[{"name":"wp","href":"https:\/\/api.w.org\/{rel}","templated":true}]}}