{"id":21268,"date":"2019-08-02T08:00:27","date_gmt":"2019-08-02T06:00:27","guid":{"rendered":"http:\/\/euwps02.tecnavia.com\/ilmercoledi\/news\/?p=21268"},"modified":"2019-08-02T08:01:21","modified_gmt":"2019-08-02T06:01:21","slug":"cambiano-il-programma-completo-della-sagra-del-pomodoro","status":"publish","type":"post","link":"https:\/\/www.ilmercoledi.news\/2019\/08\/02\/cambiano-il-programma-completo-della-sagra-del-pomodoro\/","title":{"rendered":"CAMBIANO &#8211; Il programma completo della Sagra del Pomodoro"},"content":{"rendered":"<p>CAMBIANO &#8211; Si \u00e8 pensato in grande per la 42a edizione della Sagra del Pomodoro di Cambiano, quest\u2019anno fissata per il week-end a cavallo tra agosto e settembre e articolata su una carrellata di eventi che si dipaneranno tra momenti conviviali e di spettacolo, sfilata delle miss, giochi e l\u2019immancabile esposizione dei prodotti agricoli del territorio. Pro loco, Comune e coltivatori metteranno in scena tutto questo tra sabato 31 agosto e domenica 1 settembre su due diverse location, ovvero il centro storico e l\u2019area manifestazioni di via Camporelle, quartiere generale della pro Cambiano presieduta da Francesco Berruto. Proprio in tale contesto si consumer\u00e0 l\u2019ouverture della festa, fissata per il 31 agosto con una serata all\u2019insegna della buona tavola e della musica. Dalle 19.30 gli chef della pro loco accederanno i fuochi per la gran frittura di pesce, alla quale seguir\u00e0, alle 21.30, una vera e propria discoteca sotto le stelle con la live band \u00abDivina\u00bb, che far\u00e0 ballare tutti fino alle ore piccole (la serata musicale \u00e8 ad ingresso libero). Il mattino seguente, domenica 1 settembre, la sagra vera e propria nel quale ambito si svolger\u00e0 la novit\u00e0 assoluta di quest\u2019edizione, ovvero la \u00abSfilata in rosso\u00bb finalizzata all\u2019elezione di miss pomodoro e allestita sulla scalinata che collega le centralissime piazze Grosso e Spirito Santo. Le ragazze che vorranno prendervi parte (minino 16 anni compiuti, ndr) dovranno far pervenire la propria adesione entro il 15 agosto contattando la pro loco al numero 339.61.11.147, \u201cma la sfilata sar\u00e0 garantita con non meno di quindici partecipanti, in caso contrario verr\u00e0 annullata\u201d, specificano gli organizzatori che ricordano inoltre che si tratter\u00e0 di un vero e proprio concorso a premi con tanto di giuria, \u201cal quale le concorrenti prenderanno parte sfilando in costume e in abbigliamento casual e da sera, sempre con un capo o un accessorio di colore rosso ovviamente. Alla vincitrice andranno 500 euro in buoni da spendere come meglio preferir\u00e0, stessa cosa, ma con un valore di 250 euro, per la seconda classificata. La detentrice del terzo gradino del podio ricever\u00e0 invece un cofanetto Smart Box\u201d. Per il resto la giornata vedr\u00e0 la presenza, nel centro storico dalle 10 alle 18.30, dell\u2019esposizione di ortofrutta dei produttori locali e delle mostra dell&#8217;artigianato e dei prodotti tipici del territorio. Nella medesima fascia oraria intrattenimenti per bambini e ben quattro degustazioni della mitica bruschetta di Cambiano (alle 11, 12, 15 e 17).<br \/>\nGran finale all\u2019area pro loco, dove alle 19.30 verr\u00e0 servita la tradizionale \u00abCena dell\u2019agnolotto\u00bb seguita, alle 21.30, dalla serata danzante (ingresso libero) animata dall\u2019orchestra di Luca Panama.<\/p>\n","protected":false},"excerpt":{"rendered":"","protected":false},"author":10,"featured_media":21269,"comment_status":"open","ping_status":"closed","sticky":false,"template":"","format":"standard","meta":[],"categories":[34,9],"tags":[],"news-destination":[],"news-source":[],"is_homepage":[],"ta_other":[],"_links":{"self":[{"href":"https:\/\/www.ilmercoledi.news\/ilmercoledi\/news\/wp-json\/wp\/v2\/posts\/21268"}],"collection":[{"href":"https:\/\/www.ilmercoledi.news\/ilmercoledi\/news\/wp-json\/wp\/v2\/posts"}],"about":[{"href":"https:\/\/www.ilmercoledi.news\/ilmercoledi\/news\/wp-json\/wp\/v2\/types\/post"}],"author":[{"embeddable":true,"href":"https:\/\/www.ilmercoledi.news\/ilmercoledi\/news\/wp-json\/wp\/v2\/users\/10"}],"replies":[{"embeddable":true,"href":"https:\/\/www.ilmercoledi.news\/ilmercoledi\/news\/wp-json\/wp\/v2\/comments?post=21268"}],"version-history":[{"count":1,"href":"https:\/\/www.ilmercoledi.news\/ilmercoledi\/news\/wp-json\/wp\/v2\/posts\/21268\/revisions"}],"predecessor-version":[{"id":21270,"href":"https:\/\/www.ilmercoledi.news\/ilmercoledi\/news\/wp-json\/wp\/v2\/posts\/21268\/revisions\/21270"}],"wp:featuredmedia":[{"embeddable":true,"href":"https:\/\/www.ilmercoledi.news\/ilmercoledi\/news\/wp-json\/wp\/v2\/media\/21269"}],"wp:attachment":[{"href":"https:\/\/www.ilmercoledi.news\/ilmercoledi\/news\/wp-json\/wp\/v2\/media?parent=21268"}],"wp:term":[{"taxonomy":"category","embeddable":true,"href":"https:\/\/www.ilmercoledi.news\/ilmercoledi\/news\/wp-json\/wp\/v2\/categories?post=21268"},{"taxonomy":"post_tag","embeddable":true,"href":"https:\/\/www.ilmercoledi.news\/ilmercoledi\/news\/wp-json\/wp\/v2\/tags?post=21268"},{"taxonomy":"news-destination","embeddable":true,"href":"https:\/\/www.ilmercoledi.news\/ilmercoledi\/news\/wp-json\/wp\/v2\/news-destination?post=21268"},{"taxonomy":"news-source","embeddable":true,"href":"https:\/\/www.ilmercoledi.news\/ilmercoledi\/news\/wp-json\/wp\/v2\/news-source?post=21268"},{"taxonomy":"is_homepage","embeddable":true,"href":"https:\/\/www.ilmercoledi.news\/ilmercoledi\/news\/wp-json\/wp\/v2\/is_homepage?post=21268"},{"taxonomy":"ta_other","embeddable":true,"href":"https:\/\/www.ilmercoledi.news\/ilmercoledi\/news\/wp-json\/wp\/v2\/ta_other?post=21268"}],"curies":[{"name":"wp","href":"https:\/\/api.w.org\/{rel}","templated":true}]}}