{"id":21274,"date":"2019-08-02T08:10:22","date_gmt":"2019-08-02T06:10:22","guid":{"rendered":"http:\/\/euwps02.tecnavia.com\/ilmercoledi\/news\/?p=21274"},"modified":"2019-08-02T08:11:14","modified_gmt":"2019-08-02T06:11:14","slug":"rally-presentata-ledizione-2019-del-due-valli-corsa-veronese-amata-dalla-scuderie-di-moncalieri","status":"publish","type":"post","link":"https:\/\/www.ilmercoledi.news\/2019\/08\/02\/rally-presentata-ledizione-2019-del-due-valli-corsa-veronese-amata-dalla-scuderie-di-moncalieri\/","title":{"rendered":"Rally &#8211; Presentata l\u2019edizione 2019 del \u201cDue Valli\u201d, corsa Veronese amata dalla scuderie di Moncalieri"},"content":{"rendered":"<p>Presentato all&#8217;Automobile Club di Verona, marted\u00ec 30 luglio, il 37\u00b0 Rally Due Valli, evento cardine della stagione sportiva dell&#8217;Automobile Club Verona che dal 10 al 12 ottobre torner\u00e0 ad essere protagonista. Erano presenti il Presidente dell&#8217;Automobile Club Verona Adriano Baso, il Direttore Riccardo Cuomo e per ACI Verona Sport Alberto Riva.<br \/>\nRispetto al comunicato di lancio, cambia la logistica della manifestazione dedicata alle vetture moderne. Dopo le verifiche, lo shakedown si svolger\u00e0 come di consueto ad Illasi nella mattinata di venerd\u00ec 11 ottobre, prima di lasciare spazio all&#8217;inizio della gara. Il Campionato Italiano Rally disputer\u00e0 nella prima giornata, come per lo scorso anno, i due passaggi sulla lunga \u201cErbezzo\u201d, intervallati da un riordino a Bosco Chiesanuova, e poi far\u00e0 ritorno a Verona per la prova spettacolo \u201cCitt\u00e0 di Verona\u201d in programma al Parcheggio C dello Stadio Bentegodi.<br \/>\nQui grandi novit\u00e0 per il pubblico, a partire dal nuovo disegno della prova spettacolo, con tribune inserite all&#8217;interno dell&#8217;area del circuito per poter vivere un&#8217;emozione a misura di tutta la famiglia. L&#8217;accesso preveder\u00e0 posto in tribuna, biglietto e cappellino ufficiale Rally Due Valli con scontistiche dedicate agli under 12.<br \/>\nAll&#8217;interno della prova spettacolo, dalle 14:00, spazio anche alla terza edizione di Rally Therapy \u2013 A bordo di un sogno, un\u2019iniziativa studiata dall\u2019Automobile Club Verona in collaborazione con l\u2019ULSS9 di Verona e con il supporto del Comune di Verona Assessorato ai Servici Sociali. Alcuni ragazzi e ragazze diversamente abili potranno provare l\u2019ebbrezza del rally, saliranno a bordo di vetture da rally guidate da piloti di comprovata esperienza per un paio di giri sul percorso della prova spettacolo. Novit\u00e0 di questa edizione la collaborazione con Stefano Fusilli, pilota disabile che da anni compete con i piloti normodotati e che ha recentemente partecipato anche alla Caprino-Spiazzi, oltre che con Daniele Negrente e il suo staff.<br \/>\nLa gara del Rally Due Valli 2019 CIR riprender\u00e0 poi nella giornata di sabato per la tappa pi\u00f9 lunga con le prove speciali di \u201cRonc\u00e0\u201d, \u201cC\u00e0 del Diaolo\u201d e \u201cSantissima Trinit\u00e0\u201d riprese dal percorso 2018, mentre la \u201cMarcemigo\u201d riproporr\u00e0 un tratto cronometrato che non si disputava dal 2017. Tutte e quattro le prove saranno ripetute per due volte, prima di scendere aVerona per il suggestivo arrivo in Piazza Bra dopo 11 prove speciali.<br \/>\nGrandi cambiamenti per il CRZ, ex CRR, ovvero la Coppa Rally di Zona. I piloti che parteciperanno al regionale disputeranno infatti tutta la prima tappa, con due passaggi su \u201cErbezzo\u201d, mai disputata dal CRZ, che sar\u00e0 suddivisa per ragioni di regolamento in due prove: \u201cCappella Fasani\u201d di 5,20km e \u201cPasso Fittanze\u201d di 12,8km da ripetersi per due volte con il riordino di Bosco Chiesanuova nel mezzo. Terminata questa spettacolare prima frazione di gara, i concorrenti del CRZ torneranno in Fiera al Parco Assistenza senza disputare la prova spettacolo. La seconda tappa comprender\u00e0 altre 4 prove speciali, le stesse del CIR solo per il primo giro pur con la \u201cCa&#8217; del Diaolo\u201d accorciata come per le scorse edizioni, prima di fare rientro a Verona per l&#8217;arrivo in Piazza Bra. Un totale quindi di 8 prove cronometrate per il CRZ.<br \/>\nConfermato il parco assistenza al parcheggio P3 di Veronafiere che ospiter\u00e0 come per le passate edizioni anche la logistica direzionale dell&#8217;evento, con Direzione Gara, Sala Stampa e Rally HQ.<br \/>\nStraordinaria iniziativa rivolta a pubblico e appassionati sar\u00e0 quest&#8217;anno Rally Due Valli Fly, il servizio che consentir\u00e0 di salire a bordo di un elicottero e sorvolare le prove speciali durante il loro svolgimento. Questa novit\u00e0 sar\u00e0 attivata sia nella giornata di venerd\u00ec che nella giornata di sabato e presto sul sito www.rallyduevalli.it saranno aperte le iscrizioni con la possibilit\u00e0 di prenotazione. I sorvoli avranno una durata di 15 minuti al costo di 90\u20ac a persona e 150\u20ac a coppia. \u00c8 possibile prenotare e chiedere informazioni inviando una mail ainfo@rallyduevalli.it<br \/>\nAdriano Baso \u2013 Presidente Automobile Club Verona: \u201cAnche quest&#8217;anno lo staff organizzatore e ACI Verona Sport hanno fatto un lavoro straordinario per permettere al Rally Due Valli di essere una manifestazione di riferimento in Italia. Abbiamo prove speciali tecniche, complete e bellissime, un pubblico appassionato e competente, uno scenario pazzesco con il centro di Verona e Piazza Bra fiore all&#8217;occhiello dell&#8217;evento. Sar\u00e0 sicuramente uno spettacolo per tutti alla luce anche delle novit\u00e0 pi\u00f9 importanti come la ridisegnata Prova Spettacolo, la Rally Therapy e il servizio Rally Due Valli Fly\u201d.<br \/>\nIn abbinamento al rally moderno si correranno anche il 14\u00b0 Rally Due Valli Historic, valido per il Campionato Italiano Rally Auto Storiche e il 9\u00b0 Due Valli Classic, Trofeo Tre Regioni di Regolarit\u00e0 sport la cui comunicazione sar\u00e0 quest&#8217;anno completamente indipendente.<br \/>\nInfo e aggiornamenti su tutte le manifestazioni, moderne e storiche, sono disponibili sul sitowww.rallyduevalli.it, e sui profili social Facebook Twitter e Instagram @RallyDueValli.<\/p>\n","protected":false},"excerpt":{"rendered":"","protected":false},"author":10,"featured_media":21275,"comment_status":"open","ping_status":"closed","sticky":false,"template":"","format":"standard","meta":[],"categories":[10],"tags":[],"news-destination":[],"news-source":[],"is_homepage":[],"ta_other":[],"_links":{"self":[{"href":"https:\/\/www.ilmercoledi.news\/ilmercoledi\/news\/wp-json\/wp\/v2\/posts\/21274"}],"collection":[{"href":"https:\/\/www.ilmercoledi.news\/ilmercoledi\/news\/wp-json\/wp\/v2\/posts"}],"about":[{"href":"https:\/\/www.ilmercoledi.news\/ilmercoledi\/news\/wp-json\/wp\/v2\/types\/post"}],"author":[{"embeddable":true,"href":"https:\/\/www.ilmercoledi.news\/ilmercoledi\/news\/wp-json\/wp\/v2\/users\/10"}],"replies":[{"embeddable":true,"href":"https:\/\/www.ilmercoledi.news\/ilmercoledi\/news\/wp-json\/wp\/v2\/comments?post=21274"}],"version-history":[{"count":1,"href":"https:\/\/www.ilmercoledi.news\/ilmercoledi\/news\/wp-json\/wp\/v2\/posts\/21274\/revisions"}],"predecessor-version":[{"id":21276,"href":"https:\/\/www.ilmercoledi.news\/ilmercoledi\/news\/wp-json\/wp\/v2\/posts\/21274\/revisions\/21276"}],"wp:featuredmedia":[{"embeddable":true,"href":"https:\/\/www.ilmercoledi.news\/ilmercoledi\/news\/wp-json\/wp\/v2\/media\/21275"}],"wp:attachment":[{"href":"https:\/\/www.ilmercoledi.news\/ilmercoledi\/news\/wp-json\/wp\/v2\/media?parent=21274"}],"wp:term":[{"taxonomy":"category","embeddable":true,"href":"https:\/\/www.ilmercoledi.news\/ilmercoledi\/news\/wp-json\/wp\/v2\/categories?post=21274"},{"taxonomy":"post_tag","embeddable":true,"href":"https:\/\/www.ilmercoledi.news\/ilmercoledi\/news\/wp-json\/wp\/v2\/tags?post=21274"},{"taxonomy":"news-destination","embeddable":true,"href":"https:\/\/www.ilmercoledi.news\/ilmercoledi\/news\/wp-json\/wp\/v2\/news-destination?post=21274"},{"taxonomy":"news-source","embeddable":true,"href":"https:\/\/www.ilmercoledi.news\/ilmercoledi\/news\/wp-json\/wp\/v2\/news-source?post=21274"},{"taxonomy":"is_homepage","embeddable":true,"href":"https:\/\/www.ilmercoledi.news\/ilmercoledi\/news\/wp-json\/wp\/v2\/is_homepage?post=21274"},{"taxonomy":"ta_other","embeddable":true,"href":"https:\/\/www.ilmercoledi.news\/ilmercoledi\/news\/wp-json\/wp\/v2\/ta_other?post=21274"}],"curies":[{"name":"wp","href":"https:\/\/api.w.org\/{rel}","templated":true}]}}