{"id":21436,"date":"2019-08-06T08:01:27","date_gmt":"2019-08-06T06:01:27","guid":{"rendered":"http:\/\/euwps02.tecnavia.com\/ilmercoledi\/news\/?p=21436"},"modified":"2019-08-06T08:01:31","modified_gmt":"2019-08-06T06:01:31","slug":"nichelino-approvato-il-piano-delle-opere-pubbliche-la-citta-cambia-volto","status":"publish","type":"post","link":"https:\/\/www.ilmercoledi.news\/2019\/08\/06\/nichelino-approvato-il-piano-delle-opere-pubbliche-la-citta-cambia-volto\/","title":{"rendered":"NICHELINO &#8211; Approvato il piano delle opere pubbliche: la citt\u00e0 cambia volto"},"content":{"rendered":"<p align=\"left\">Il Consiglio Comunale di Nichelino ha approvato il piano delle opere presentato dalla Giunta comunale,\u00a0per una spesa complessiva di 12 milioni di euro, tutti finanziati. Il primo intervento riguarda piazza Camandona e prevede una spesa di un milione e 610 mila euro. L&#8217;idea \u00e8 quella di trasformare la piazza in una porta d&#8217;ingresso della citt\u00e0 con la sostituzione della pavimentazione, la posa di nuovi arredi e l&#8217;utilizzo di materiali nobili come lastre e cubetti di pietra di Luserna. Cambier\u00e0 anche l&#8217;illuminazione ed il sedime della piazza verr\u00e0 abbassato al livello via Torino. Il palazzo comunale, sede della sala consiliare e dei servizi demografici, cambier\u00e0 anche colore. Addio al rosso.<\/p>\n<p align=\"left\">Poi sar\u00e0 la volta di piazza Aldo Moro. A caratterizzare la nuova sistemazione della pavimentazione sar\u00e0 un percorso che collegher\u00e0 la piazza al Centro incontri del Quartiere Castello e alla Biblioteca Arpino. E&#8217; prevista inoltre la realizzazione di aree letture, eventi e relax, in corrispondenza del percorso pedonale. Il progetto prevede poi la realizzazione di una gradinata nel verde, rivestita in legno ed integrata con elementi di illuminazione a led, che sar\u00e0 fruibile come luogo per letture all\u2019aperto, piccoli spettacoli e progetti culturali collegati alla biblioteca. Sar\u00e0 realizzata un\u2019area giochi, individuata da un grande cerchio in pavimentazione anti-trauma di colore azzurro. Infine ecco il restyling del municipio. L\u2019intervento prevede la manutenzione straordinaria ed il restauro conservativo delle facciate.<\/p>\n","protected":false},"excerpt":{"rendered":"","protected":false},"author":11,"featured_media":839,"comment_status":"open","ping_status":"closed","sticky":false,"template":"","format":"standard","meta":[],"categories":[34],"tags":[],"news-destination":[],"news-source":[],"is_homepage":[],"ta_other":[],"_links":{"self":[{"href":"https:\/\/www.ilmercoledi.news\/ilmercoledi\/news\/wp-json\/wp\/v2\/posts\/21436"}],"collection":[{"href":"https:\/\/www.ilmercoledi.news\/ilmercoledi\/news\/wp-json\/wp\/v2\/posts"}],"about":[{"href":"https:\/\/www.ilmercoledi.news\/ilmercoledi\/news\/wp-json\/wp\/v2\/types\/post"}],"author":[{"embeddable":true,"href":"https:\/\/www.ilmercoledi.news\/ilmercoledi\/news\/wp-json\/wp\/v2\/users\/11"}],"replies":[{"embeddable":true,"href":"https:\/\/www.ilmercoledi.news\/ilmercoledi\/news\/wp-json\/wp\/v2\/comments?post=21436"}],"version-history":[{"count":1,"href":"https:\/\/www.ilmercoledi.news\/ilmercoledi\/news\/wp-json\/wp\/v2\/posts\/21436\/revisions"}],"predecessor-version":[{"id":21437,"href":"https:\/\/www.ilmercoledi.news\/ilmercoledi\/news\/wp-json\/wp\/v2\/posts\/21436\/revisions\/21437"}],"wp:featuredmedia":[{"embeddable":true,"href":"https:\/\/www.ilmercoledi.news\/ilmercoledi\/news\/wp-json\/wp\/v2\/media\/839"}],"wp:attachment":[{"href":"https:\/\/www.ilmercoledi.news\/ilmercoledi\/news\/wp-json\/wp\/v2\/media?parent=21436"}],"wp:term":[{"taxonomy":"category","embeddable":true,"href":"https:\/\/www.ilmercoledi.news\/ilmercoledi\/news\/wp-json\/wp\/v2\/categories?post=21436"},{"taxonomy":"post_tag","embeddable":true,"href":"https:\/\/www.ilmercoledi.news\/ilmercoledi\/news\/wp-json\/wp\/v2\/tags?post=21436"},{"taxonomy":"news-destination","embeddable":true,"href":"https:\/\/www.ilmercoledi.news\/ilmercoledi\/news\/wp-json\/wp\/v2\/news-destination?post=21436"},{"taxonomy":"news-source","embeddable":true,"href":"https:\/\/www.ilmercoledi.news\/ilmercoledi\/news\/wp-json\/wp\/v2\/news-source?post=21436"},{"taxonomy":"is_homepage","embeddable":true,"href":"https:\/\/www.ilmercoledi.news\/ilmercoledi\/news\/wp-json\/wp\/v2\/is_homepage?post=21436"},{"taxonomy":"ta_other","embeddable":true,"href":"https:\/\/www.ilmercoledi.news\/ilmercoledi\/news\/wp-json\/wp\/v2\/ta_other?post=21436"}],"curies":[{"name":"wp","href":"https:\/\/api.w.org\/{rel}","templated":true}]}}