{"id":21539,"date":"2019-08-08T07:43:28","date_gmt":"2019-08-08T05:43:28","guid":{"rendered":"http:\/\/euwps02.tecnavia.com\/ilmercoledi\/news\/?p=21539"},"modified":"2019-08-08T07:43:32","modified_gmt":"2019-08-08T05:43:32","slug":"trofarello-lascensore-della-stazione-e-guasto-e-la-disabile-resta-bloccata-al-binario","status":"publish","type":"post","link":"https:\/\/www.ilmercoledi.news\/2019\/08\/08\/trofarello-lascensore-della-stazione-e-guasto-e-la-disabile-resta-bloccata-al-binario\/","title":{"rendered":"TROFARELLO &#8211; L&#8217;ascensore della stazione \u00e8 guasto e la disabile resta bloccata al binario"},"content":{"rendered":"<p>Una donna di 89 anni, costretta su una carrozzina, \u00e8 rimasta bloccata al secondo binario della stazione di Trofarello a causa del mancato funzionamento dell&#8217;ascensore che porta al sottopassaggio e di quello che riporta verso l&#8217;uscita. A scoprirlo, sono stati i parenti della donna che erano andati a prenderla e ad aiutarla. Hanno dovuto prenderla di peso e portarla gi\u00f9 per le scale. Logica la rabbia dei famigliari, che hanno puntato il dito sui disservizi della stazione. Secondo Rfi per\u00f2, il guasto \u00e8 stato solo momentaneo a causa della rottura di un componente.<\/p>\n","protected":false},"excerpt":{"rendered":"","protected":false},"author":11,"featured_media":21540,"comment_status":"open","ping_status":"closed","sticky":false,"template":"","format":"standard","meta":[],"categories":[34],"tags":[],"news-destination":[],"news-source":[],"is_homepage":[],"ta_other":[],"_links":{"self":[{"href":"https:\/\/www.ilmercoledi.news\/ilmercoledi\/news\/wp-json\/wp\/v2\/posts\/21539"}],"collection":[{"href":"https:\/\/www.ilmercoledi.news\/ilmercoledi\/news\/wp-json\/wp\/v2\/posts"}],"about":[{"href":"https:\/\/www.ilmercoledi.news\/ilmercoledi\/news\/wp-json\/wp\/v2\/types\/post"}],"author":[{"embeddable":true,"href":"https:\/\/www.ilmercoledi.news\/ilmercoledi\/news\/wp-json\/wp\/v2\/users\/11"}],"replies":[{"embeddable":true,"href":"https:\/\/www.ilmercoledi.news\/ilmercoledi\/news\/wp-json\/wp\/v2\/comments?post=21539"}],"version-history":[{"count":1,"href":"https:\/\/www.ilmercoledi.news\/ilmercoledi\/news\/wp-json\/wp\/v2\/posts\/21539\/revisions"}],"predecessor-version":[{"id":21541,"href":"https:\/\/www.ilmercoledi.news\/ilmercoledi\/news\/wp-json\/wp\/v2\/posts\/21539\/revisions\/21541"}],"wp:featuredmedia":[{"embeddable":true,"href":"https:\/\/www.ilmercoledi.news\/ilmercoledi\/news\/wp-json\/wp\/v2\/media\/21540"}],"wp:attachment":[{"href":"https:\/\/www.ilmercoledi.news\/ilmercoledi\/news\/wp-json\/wp\/v2\/media?parent=21539"}],"wp:term":[{"taxonomy":"category","embeddable":true,"href":"https:\/\/www.ilmercoledi.news\/ilmercoledi\/news\/wp-json\/wp\/v2\/categories?post=21539"},{"taxonomy":"post_tag","embeddable":true,"href":"https:\/\/www.ilmercoledi.news\/ilmercoledi\/news\/wp-json\/wp\/v2\/tags?post=21539"},{"taxonomy":"news-destination","embeddable":true,"href":"https:\/\/www.ilmercoledi.news\/ilmercoledi\/news\/wp-json\/wp\/v2\/news-destination?post=21539"},{"taxonomy":"news-source","embeddable":true,"href":"https:\/\/www.ilmercoledi.news\/ilmercoledi\/news\/wp-json\/wp\/v2\/news-source?post=21539"},{"taxonomy":"is_homepage","embeddable":true,"href":"https:\/\/www.ilmercoledi.news\/ilmercoledi\/news\/wp-json\/wp\/v2\/is_homepage?post=21539"},{"taxonomy":"ta_other","embeddable":true,"href":"https:\/\/www.ilmercoledi.news\/ilmercoledi\/news\/wp-json\/wp\/v2\/ta_other?post=21539"}],"curies":[{"name":"wp","href":"https:\/\/api.w.org\/{rel}","templated":true}]}}