{"id":21591,"date":"2019-08-12T06:48:44","date_gmt":"2019-08-12T04:48:44","guid":{"rendered":"http:\/\/euwps02.tecnavia.com\/ilmercoledi\/news\/?p=21591"},"modified":"2019-08-12T07:48:29","modified_gmt":"2019-08-12T05:48:29","slug":"il-progetto-di-ciclovia-intercomunale-prosegue-poirino-iniziera-i-lavori-entro-febbraio-2019","status":"publish","type":"post","link":"https:\/\/www.ilmercoledi.news\/2019\/08\/12\/il-progetto-di-ciclovia-intercomunale-prosegue-poirino-iniziera-i-lavori-entro-febbraio-2019\/","title":{"rendered":"Il progetto di ciclovia intercomunale prosegue. Poirino inizier\u00e0 i lavori entro febbraio 2019"},"content":{"rendered":"<p>Va avanti il progetto per realizzare una ciclovia intercomunale, che a Poirino unir\u00e0 i Marocchi al centro.<\/p>\n<p>Gioved\u00ec si \u00e8 svolta una riunione delle amministrazioni che partecipano al bando per la pista ciclabile, tra cui anche Poirino. In proposito, il capofila Chieri ha ottenuto una proroga dei termini di consegna e dovr\u00e0 inviare il progetto approvato in Regione entro il 30 ottobre. \u201cLa Regione verificher\u00e0 il progetto e mander\u00e0 eventuali osservazioni nelle settimane successive &#8211; spiega il sindaco Mollo &#8211; Il progetto verr\u00e0 inviato in Regione sulla base delle approvazioni in Giunta dei 6 progetti comunali, che dovranno pervenire entro il 7 ottobre\u201d. Conclude: \u201cIl termine d\u2019inizio lavori, per il nostro tratto, salvo proroghe, molto probabilmente sar\u00e0 a fine febbraio 2020\u201d.<\/p>\n","protected":false},"excerpt":{"rendered":"","protected":false},"author":4,"featured_media":15542,"comment_status":"open","ping_status":"closed","sticky":false,"template":"","format":"standard","meta":[],"categories":[8],"tags":[],"news-destination":[],"news-source":[],"is_homepage":[],"ta_other":[],"_links":{"self":[{"href":"https:\/\/www.ilmercoledi.news\/ilmercoledi\/news\/wp-json\/wp\/v2\/posts\/21591"}],"collection":[{"href":"https:\/\/www.ilmercoledi.news\/ilmercoledi\/news\/wp-json\/wp\/v2\/posts"}],"about":[{"href":"https:\/\/www.ilmercoledi.news\/ilmercoledi\/news\/wp-json\/wp\/v2\/types\/post"}],"author":[{"embeddable":true,"href":"https:\/\/www.ilmercoledi.news\/ilmercoledi\/news\/wp-json\/wp\/v2\/users\/4"}],"replies":[{"embeddable":true,"href":"https:\/\/www.ilmercoledi.news\/ilmercoledi\/news\/wp-json\/wp\/v2\/comments?post=21591"}],"version-history":[{"count":1,"href":"https:\/\/www.ilmercoledi.news\/ilmercoledi\/news\/wp-json\/wp\/v2\/posts\/21591\/revisions"}],"predecessor-version":[{"id":21592,"href":"https:\/\/www.ilmercoledi.news\/ilmercoledi\/news\/wp-json\/wp\/v2\/posts\/21591\/revisions\/21592"}],"wp:featuredmedia":[{"embeddable":true,"href":"https:\/\/www.ilmercoledi.news\/ilmercoledi\/news\/wp-json\/wp\/v2\/media\/15542"}],"wp:attachment":[{"href":"https:\/\/www.ilmercoledi.news\/ilmercoledi\/news\/wp-json\/wp\/v2\/media?parent=21591"}],"wp:term":[{"taxonomy":"category","embeddable":true,"href":"https:\/\/www.ilmercoledi.news\/ilmercoledi\/news\/wp-json\/wp\/v2\/categories?post=21591"},{"taxonomy":"post_tag","embeddable":true,"href":"https:\/\/www.ilmercoledi.news\/ilmercoledi\/news\/wp-json\/wp\/v2\/tags?post=21591"},{"taxonomy":"news-destination","embeddable":true,"href":"https:\/\/www.ilmercoledi.news\/ilmercoledi\/news\/wp-json\/wp\/v2\/news-destination?post=21591"},{"taxonomy":"news-source","embeddable":true,"href":"https:\/\/www.ilmercoledi.news\/ilmercoledi\/news\/wp-json\/wp\/v2\/news-source?post=21591"},{"taxonomy":"is_homepage","embeddable":true,"href":"https:\/\/www.ilmercoledi.news\/ilmercoledi\/news\/wp-json\/wp\/v2\/is_homepage?post=21591"},{"taxonomy":"ta_other","embeddable":true,"href":"https:\/\/www.ilmercoledi.news\/ilmercoledi\/news\/wp-json\/wp\/v2\/ta_other?post=21591"}],"curies":[{"name":"wp","href":"https:\/\/api.w.org\/{rel}","templated":true}]}}