{"id":21717,"date":"2019-08-14T08:15:12","date_gmt":"2019-08-14T06:15:12","guid":{"rendered":"http:\/\/euwps02.tecnavia.com\/ilmercoledi\/news\/?p=21717"},"modified":"2019-08-15T08:33:26","modified_gmt":"2019-08-15T06:33:26","slug":"moncalieri-ex-dea-entro-fine-mese-demolizione-totale-del-fabbricato","status":"publish","type":"post","link":"https:\/\/www.ilmercoledi.news\/2019\/08\/14\/moncalieri-ex-dea-entro-fine-mese-demolizione-totale-del-fabbricato\/","title":{"rendered":"MONCALIERI &#8211; EX Dea, entro fine mese demolizione totale del fabbricato"},"content":{"rendered":"<p>Prosegue il lavoro di demolizione del fabbricato ex Dea, di strada Torino a Moncalieri. Le ruspe viaggiano a ritmo spedito e, nonostante si sia trovata una struttura pi\u00f9 solida del previsto, che ha comportato qualche impegno in pi\u00f9 nell&#8217;abbattimento, il cronoprogramma dei lavori prevede che entro fine agosto verr\u00e0 completata l&#8217;opera di distruzione del fabbricato storico esistente. Da met\u00e0 settembre si partir\u00e0 con gli scavi per la costruzione del nuovo complesso residenziale-commerciale.<\/p>\n","protected":false},"excerpt":{"rendered":"","protected":false},"author":11,"featured_media":21718,"comment_status":"open","ping_status":"closed","sticky":false,"template":"","format":"standard","meta":[],"categories":[34],"tags":[],"news-destination":[],"news-source":[],"is_homepage":[],"ta_other":[],"_links":{"self":[{"href":"https:\/\/www.ilmercoledi.news\/ilmercoledi\/news\/wp-json\/wp\/v2\/posts\/21717"}],"collection":[{"href":"https:\/\/www.ilmercoledi.news\/ilmercoledi\/news\/wp-json\/wp\/v2\/posts"}],"about":[{"href":"https:\/\/www.ilmercoledi.news\/ilmercoledi\/news\/wp-json\/wp\/v2\/types\/post"}],"author":[{"embeddable":true,"href":"https:\/\/www.ilmercoledi.news\/ilmercoledi\/news\/wp-json\/wp\/v2\/users\/11"}],"replies":[{"embeddable":true,"href":"https:\/\/www.ilmercoledi.news\/ilmercoledi\/news\/wp-json\/wp\/v2\/comments?post=21717"}],"version-history":[{"count":1,"href":"https:\/\/www.ilmercoledi.news\/ilmercoledi\/news\/wp-json\/wp\/v2\/posts\/21717\/revisions"}],"predecessor-version":[{"id":21719,"href":"https:\/\/www.ilmercoledi.news\/ilmercoledi\/news\/wp-json\/wp\/v2\/posts\/21717\/revisions\/21719"}],"wp:featuredmedia":[{"embeddable":true,"href":"https:\/\/www.ilmercoledi.news\/ilmercoledi\/news\/wp-json\/wp\/v2\/media\/21718"}],"wp:attachment":[{"href":"https:\/\/www.ilmercoledi.news\/ilmercoledi\/news\/wp-json\/wp\/v2\/media?parent=21717"}],"wp:term":[{"taxonomy":"category","embeddable":true,"href":"https:\/\/www.ilmercoledi.news\/ilmercoledi\/news\/wp-json\/wp\/v2\/categories?post=21717"},{"taxonomy":"post_tag","embeddable":true,"href":"https:\/\/www.ilmercoledi.news\/ilmercoledi\/news\/wp-json\/wp\/v2\/tags?post=21717"},{"taxonomy":"news-destination","embeddable":true,"href":"https:\/\/www.ilmercoledi.news\/ilmercoledi\/news\/wp-json\/wp\/v2\/news-destination?post=21717"},{"taxonomy":"news-source","embeddable":true,"href":"https:\/\/www.ilmercoledi.news\/ilmercoledi\/news\/wp-json\/wp\/v2\/news-source?post=21717"},{"taxonomy":"is_homepage","embeddable":true,"href":"https:\/\/www.ilmercoledi.news\/ilmercoledi\/news\/wp-json\/wp\/v2\/is_homepage?post=21717"},{"taxonomy":"ta_other","embeddable":true,"href":"https:\/\/www.ilmercoledi.news\/ilmercoledi\/news\/wp-json\/wp\/v2\/ta_other?post=21717"}],"curies":[{"name":"wp","href":"https:\/\/api.w.org\/{rel}","templated":true}]}}