{"id":21828,"date":"2019-08-17T15:07:49","date_gmt":"2019-08-17T13:07:49","guid":{"rendered":"http:\/\/euwps02.tecnavia.com\/ilmercoledi\/news\/?p=21828"},"modified":"2019-08-19T19:24:52","modified_gmt":"2019-08-19T17:24:52","slug":"isolabella-molinaro-e-tanz-aprono-la-festa-patronale","status":"publish","type":"post","link":"https:\/\/www.ilmercoledi.news\/2019\/08\/17\/isolabella-molinaro-e-tanz-aprono-la-festa-patronale\/","title":{"rendered":"Isolabella Molinaro e Tanz aprono la festa patronale"},"content":{"rendered":"<p>Il pi\u00f9 piccolo comune della pianura della provincia di Torino, Isolabella per 4 giorni festeggia il suo patrono San Bernardo. Tutta la comunit\u00e0 (381 abitanti), dal sindaco Silvia Colombatto ai ragazzi; dalle donne ai pi\u00f9 anziani della conunit\u00e0; insomma tutti si tirano su le maniche e ognuno d\u00e0 il proprio contributo personale, facendo ci\u00f2 che \u00e8 capace, per rendere possibile, ma soprattutto bello l&#8217;unico evento che avviene in questo operoso paese. Ad Isolabella tutto ruota intorno all&#8217;agricoltura, fatta con sistemi e tecnologie all&#8217;avanguardia e ad una produzione di assoluta eccellenza nel settore della salumeria di qualit\u00e0, griffata Rosa, della societ\u00e0 Raspini.<\/p>\n<p>L&#8217;attiva Proloco si \u00e8 presa l&#8217;impegno di organizzare una grande festa, che inizia sabato 17 agosto e si concluder\u00e0 martedi 20 agosto. Il programma prevede solenni celebrazioni religiose (martedi 20 agosto processione della statua del santo per le vie del paese, che per l&#8217;occasione avranno un particolare allestimento) ma soprattutto tante occasioni di festa per adulti, bambini e famiglie. Tutti gli elementi\u00a0 delle tradizionali sagre rurali sono presenti, soprattutto il ballo a palchetto e la buona e sana cucina piemontese.<\/p>\n<p>La festa inizia questa sera\u00a0<strong>sabato 17 agosto<\/strong><\/p>\n<p>dalle 19,30 cena con una golosa street food a base di antipasti (con i pregiati salumi Rosa) e con i famosi \u201cpersi pien\u201d e poi fiumi di ottima birra e bevande di ogni tipo.<\/p>\n<p>Dalle 21,30 Serata giovane Dj Set con\u00a0 guest Roberto Molinaro, tra i maggiori interpreti della musica Tecno e Progressive e apprezzato conduttore della radio M20. Ad aprire la serata e a scaldare il pubblico sul palco vi sar\u00e0 Elena Tanz, artista che spazia dall&#8217; italo dance alla carpYcorn, alla techn sperimentale. Insomma ad Isolabella ci sar\u00e0, soprattutto per i teenagers ci sar\u00e0 da divertirsi sino a tarda ora.<\/p>\n","protected":false},"excerpt":{"rendered":"","protected":false},"author":6,"featured_media":21835,"comment_status":"open","ping_status":"closed","sticky":false,"template":"","format":"standard","meta":[],"categories":[9],"tags":[446,448,447],"news-destination":[],"news-source":[],"is_homepage":[],"ta_other":[],"_links":{"self":[{"href":"https:\/\/www.ilmercoledi.news\/ilmercoledi\/news\/wp-json\/wp\/v2\/posts\/21828"}],"collection":[{"href":"https:\/\/www.ilmercoledi.news\/ilmercoledi\/news\/wp-json\/wp\/v2\/posts"}],"about":[{"href":"https:\/\/www.ilmercoledi.news\/ilmercoledi\/news\/wp-json\/wp\/v2\/types\/post"}],"author":[{"embeddable":true,"href":"https:\/\/www.ilmercoledi.news\/ilmercoledi\/news\/wp-json\/wp\/v2\/users\/6"}],"replies":[{"embeddable":true,"href":"https:\/\/www.ilmercoledi.news\/ilmercoledi\/news\/wp-json\/wp\/v2\/comments?post=21828"}],"version-history":[{"count":1,"href":"https:\/\/www.ilmercoledi.news\/ilmercoledi\/news\/wp-json\/wp\/v2\/posts\/21828\/revisions"}],"predecessor-version":[{"id":21836,"href":"https:\/\/www.ilmercoledi.news\/ilmercoledi\/news\/wp-json\/wp\/v2\/posts\/21828\/revisions\/21836"}],"wp:featuredmedia":[{"embeddable":true,"href":"https:\/\/www.ilmercoledi.news\/ilmercoledi\/news\/wp-json\/wp\/v2\/media\/21835"}],"wp:attachment":[{"href":"https:\/\/www.ilmercoledi.news\/ilmercoledi\/news\/wp-json\/wp\/v2\/media?parent=21828"}],"wp:term":[{"taxonomy":"category","embeddable":true,"href":"https:\/\/www.ilmercoledi.news\/ilmercoledi\/news\/wp-json\/wp\/v2\/categories?post=21828"},{"taxonomy":"post_tag","embeddable":true,"href":"https:\/\/www.ilmercoledi.news\/ilmercoledi\/news\/wp-json\/wp\/v2\/tags?post=21828"},{"taxonomy":"news-destination","embeddable":true,"href":"https:\/\/www.ilmercoledi.news\/ilmercoledi\/news\/wp-json\/wp\/v2\/news-destination?post=21828"},{"taxonomy":"news-source","embeddable":true,"href":"https:\/\/www.ilmercoledi.news\/ilmercoledi\/news\/wp-json\/wp\/v2\/news-source?post=21828"},{"taxonomy":"is_homepage","embeddable":true,"href":"https:\/\/www.ilmercoledi.news\/ilmercoledi\/news\/wp-json\/wp\/v2\/is_homepage?post=21828"},{"taxonomy":"ta_other","embeddable":true,"href":"https:\/\/www.ilmercoledi.news\/ilmercoledi\/news\/wp-json\/wp\/v2\/ta_other?post=21828"}],"curies":[{"name":"wp","href":"https:\/\/api.w.org\/{rel}","templated":true}]}}