{"id":21902,"date":"2019-08-20T07:52:25","date_gmt":"2019-08-20T05:52:25","guid":{"rendered":"http:\/\/euwps02.tecnavia.com\/ilmercoledi\/news\/?p=21902"},"modified":"2019-08-20T16:19:34","modified_gmt":"2019-08-20T14:19:34","slug":"carmagnola-alla-fiera-del-peperone-vince-la-solidarieta","status":"publish","type":"post","link":"https:\/\/www.ilmercoledi.news\/2019\/08\/20\/carmagnola-alla-fiera-del-peperone-vince-la-solidarieta\/","title":{"rendered":"CARMAGNOLA &#8211; Alla Fiera del Peperone vince la solidariet\u00e0"},"content":{"rendered":"<p>Tra le iniziative solidali in programma della Fiera del peperone di Carmagnola, che partir\u00e0 il 30 agosto, ci saranno le cene organizzate nel Salone Antichi Bastioni. Il ricavato sar\u00e0 devoluto in beneficenza. Cos\u00ec come la tradizionale vendita del \u00abPane della Fiera\u00bb, pane al peperone fatto in collaborazione con la locale l\u2019Universit\u00e0 della Terza Et\u00e0 e venduto nell\u2019Accademia di San Filippo. Chi lo acquister\u00e0, doner\u00e0 denaro all\u2019Oami di Carmagnola (Opera Assistenza Malati Impediti) per casa Roberta, la residenza nata per l\u2019accoglienza di chi non \u00e8 in condizioni di vivere autonomamente.<\/p>\n","protected":false},"excerpt":{"rendered":"","protected":false},"author":11,"featured_media":21064,"comment_status":"open","ping_status":"closed","sticky":false,"template":"","format":"standard","meta":[],"categories":[34],"tags":[],"news-destination":[],"news-source":[],"is_homepage":[],"ta_other":[],"_links":{"self":[{"href":"https:\/\/www.ilmercoledi.news\/ilmercoledi\/news\/wp-json\/wp\/v2\/posts\/21902"}],"collection":[{"href":"https:\/\/www.ilmercoledi.news\/ilmercoledi\/news\/wp-json\/wp\/v2\/posts"}],"about":[{"href":"https:\/\/www.ilmercoledi.news\/ilmercoledi\/news\/wp-json\/wp\/v2\/types\/post"}],"author":[{"embeddable":true,"href":"https:\/\/www.ilmercoledi.news\/ilmercoledi\/news\/wp-json\/wp\/v2\/users\/11"}],"replies":[{"embeddable":true,"href":"https:\/\/www.ilmercoledi.news\/ilmercoledi\/news\/wp-json\/wp\/v2\/comments?post=21902"}],"version-history":[{"count":1,"href":"https:\/\/www.ilmercoledi.news\/ilmercoledi\/news\/wp-json\/wp\/v2\/posts\/21902\/revisions"}],"predecessor-version":[{"id":21903,"href":"https:\/\/www.ilmercoledi.news\/ilmercoledi\/news\/wp-json\/wp\/v2\/posts\/21902\/revisions\/21903"}],"wp:featuredmedia":[{"embeddable":true,"href":"https:\/\/www.ilmercoledi.news\/ilmercoledi\/news\/wp-json\/wp\/v2\/media\/21064"}],"wp:attachment":[{"href":"https:\/\/www.ilmercoledi.news\/ilmercoledi\/news\/wp-json\/wp\/v2\/media?parent=21902"}],"wp:term":[{"taxonomy":"category","embeddable":true,"href":"https:\/\/www.ilmercoledi.news\/ilmercoledi\/news\/wp-json\/wp\/v2\/categories?post=21902"},{"taxonomy":"post_tag","embeddable":true,"href":"https:\/\/www.ilmercoledi.news\/ilmercoledi\/news\/wp-json\/wp\/v2\/tags?post=21902"},{"taxonomy":"news-destination","embeddable":true,"href":"https:\/\/www.ilmercoledi.news\/ilmercoledi\/news\/wp-json\/wp\/v2\/news-destination?post=21902"},{"taxonomy":"news-source","embeddable":true,"href":"https:\/\/www.ilmercoledi.news\/ilmercoledi\/news\/wp-json\/wp\/v2\/news-source?post=21902"},{"taxonomy":"is_homepage","embeddable":true,"href":"https:\/\/www.ilmercoledi.news\/ilmercoledi\/news\/wp-json\/wp\/v2\/is_homepage?post=21902"},{"taxonomy":"ta_other","embeddable":true,"href":"https:\/\/www.ilmercoledi.news\/ilmercoledi\/news\/wp-json\/wp\/v2\/ta_other?post=21902"}],"curies":[{"name":"wp","href":"https:\/\/api.w.org\/{rel}","templated":true}]}}