{"id":22521,"date":"2019-09-07T23:47:38","date_gmt":"2019-09-07T21:47:38","guid":{"rendered":"http:\/\/euwps02.tecnavia.com\/ilmercoledi\/news\/?p=22521"},"modified":"2019-09-19T18:09:17","modified_gmt":"2019-09-19T16:09:17","slug":"iren-fixi-pall-torino-buona-la-prima-alla-sisport-con-il-basket-team-crema-di-a2","status":"publish","type":"post","link":"https:\/\/www.ilmercoledi.news\/2019\/09\/07\/iren-fixi-pall-torino-buona-la-prima-alla-sisport-con-il-basket-team-crema-di-a2\/","title":{"rendered":"Iren Fixi Pall. Torino, buona la prima alla Sisport con il Basket Team Crema di A2"},"content":{"rendered":"<p>Prima uscita stagionale per la Iren Fixi Torino sabato sera sul parquet amico della Sisport. E subito per le pantere di coach Riga sono sensazioni positive.<\/p>\n<p>Avversario di tutto rispetto quello scelto per aprire la stagione. Ospiti dell&#8217;impianto di via Olivero, infatti, quel Basket Team Crema capace neppure sei mesi fa di cucirsi per la seconda volta di fila al petto la coccarda tricolore della vincente della Coppa Italia di serie A2 (strappandola peraltro all&#8217;Allmag Moncalieri, presente sugli spalti con tutta la dirigenza, lo staff tecnico ed alcune giocatrici &#8211; tra cui l&#8217;ex Trucco &#8211; sia in vista del quadrangolare che vedr\u00e0 le lunette impegnate il prossimo fine settimana proprio a Crema sia in vista dell&#8217;esordio in campionato a Moncalieri) e tra le pi\u00f9 serie pretendenti alla promozione nella massima serie.<\/p>\n<p>Un ruolo che le ospiti hanno confermato reggendo il confronto per tutti i primi 10&#8242; (alla fine terminer\u00e0 91-64 ma ad ogni quarto il tabellone veniva azzerato) ed impegnando le pantere nei rimanenti tre.<\/p>\n<p><em>&#8220;In effetti abbiamo iniziato in modo abbastanza soft e questo non va bene<\/em> &#8211; commenta al termine coach Riga &#8211;<em>, sin da mercoled\u00ec prossimo con il Geas una avvio come quello di stasera non possiamo pi\u00f9 permettercelo. Detto ci\u00f2 sono sono soddisfatto. La tenuta fisica \u00e8 stata ottima, in difesa abbiamo avuto qualche calo di tensione<\/em> (il secondo nella seconda parte dell&#8217;ultimo quarto con un parziale di 0-10 su di 12, ndr)<em> mentre bene in attacco dove Brcaninovic si \u00e8 confermata una \u00abmacchina\u00bb da canestro<\/em> (top scorer con 26 punti con 3\/3 dall&#8217;arco, 4\/5 da due, 9\/10 in lunetta, ndr)<em> e le due americane han confermato i propri ruoli interna, Jennings, con le mani gi\u00e0 calde<\/em> (7\/13 da due e 9\/10 ai liberi con una decina di rimbalzi ed un assist, ndr)<em>, ed esterna, Kinard. In questo momento dobbiamo imparare a conoscerci. Direi che tutto sommato sono soddisfatto&#8221;<\/em>.<\/p>\n<p>Da segnalare, infine, nel finale i grandi applausi per il canestro messo a segno da Francesca Margaria, una delle ottime giovani a disposizione di Riga.<\/p>\n<p><strong>IREN FIXI PALL. TORINO &#8211; B&amp;P AUTORICAMBI CREMA 91-65<\/strong> <em>(19-20, 22-10, 23-14, 27-21)<\/em><\/p>\n<p><strong>Iren Fixi Pall. Torino:<\/strong> Brcaninovic 26, Grattapaglia, Togliani, Milazzo 12,Buffa, Margaria 2, Del Pero 3, Chaif, Fahmy, Petrova 2, Barberis 10, Salvini 2, Kinard 12, Jennings 22. <strong>Coach:<\/strong> Massimo Riga.<\/p>\n<p><strong>B&amp;P Autoricambi Crema:<\/strong> Melchiorri 9, Zagni 7, Capoferri 13, Iuliano 6, Lekre, Caccialanza 3, Scarsi 7, Cerri 6, Degli Agosti, Parmesani, Rizzi 14, Zelnyte<strong>. Coach:<\/strong> Stibiel.<\/p>\n","protected":false},"excerpt":{"rendered":"","protected":false},"author":9,"featured_media":22524,"comment_status":"open","ping_status":"closed","sticky":false,"template":"","format":"standard","meta":[],"categories":[10],"tags":[],"news-destination":[],"news-source":[],"is_homepage":[],"ta_other":[],"_links":{"self":[{"href":"https:\/\/www.ilmercoledi.news\/ilmercoledi\/news\/wp-json\/wp\/v2\/posts\/22521"}],"collection":[{"href":"https:\/\/www.ilmercoledi.news\/ilmercoledi\/news\/wp-json\/wp\/v2\/posts"}],"about":[{"href":"https:\/\/www.ilmercoledi.news\/ilmercoledi\/news\/wp-json\/wp\/v2\/types\/post"}],"author":[{"embeddable":true,"href":"https:\/\/www.ilmercoledi.news\/ilmercoledi\/news\/wp-json\/wp\/v2\/users\/9"}],"replies":[{"embeddable":true,"href":"https:\/\/www.ilmercoledi.news\/ilmercoledi\/news\/wp-json\/wp\/v2\/comments?post=22521"}],"version-history":[{"count":2,"href":"https:\/\/www.ilmercoledi.news\/ilmercoledi\/news\/wp-json\/wp\/v2\/posts\/22521\/revisions"}],"predecessor-version":[{"id":22523,"href":"https:\/\/www.ilmercoledi.news\/ilmercoledi\/news\/wp-json\/wp\/v2\/posts\/22521\/revisions\/22523"}],"wp:featuredmedia":[{"embeddable":true,"href":"https:\/\/www.ilmercoledi.news\/ilmercoledi\/news\/wp-json\/wp\/v2\/media\/22524"}],"wp:attachment":[{"href":"https:\/\/www.ilmercoledi.news\/ilmercoledi\/news\/wp-json\/wp\/v2\/media?parent=22521"}],"wp:term":[{"taxonomy":"category","embeddable":true,"href":"https:\/\/www.ilmercoledi.news\/ilmercoledi\/news\/wp-json\/wp\/v2\/categories?post=22521"},{"taxonomy":"post_tag","embeddable":true,"href":"https:\/\/www.ilmercoledi.news\/ilmercoledi\/news\/wp-json\/wp\/v2\/tags?post=22521"},{"taxonomy":"news-destination","embeddable":true,"href":"https:\/\/www.ilmercoledi.news\/ilmercoledi\/news\/wp-json\/wp\/v2\/news-destination?post=22521"},{"taxonomy":"news-source","embeddable":true,"href":"https:\/\/www.ilmercoledi.news\/ilmercoledi\/news\/wp-json\/wp\/v2\/news-source?post=22521"},{"taxonomy":"is_homepage","embeddable":true,"href":"https:\/\/www.ilmercoledi.news\/ilmercoledi\/news\/wp-json\/wp\/v2\/is_homepage?post=22521"},{"taxonomy":"ta_other","embeddable":true,"href":"https:\/\/www.ilmercoledi.news\/ilmercoledi\/news\/wp-json\/wp\/v2\/ta_other?post=22521"}],"curies":[{"name":"wp","href":"https:\/\/api.w.org\/{rel}","templated":true}]}}