{"id":22532,"date":"2019-09-09T07:30:46","date_gmt":"2019-09-09T05:30:46","guid":{"rendered":"http:\/\/euwps02.tecnavia.com\/ilmercoledi\/news\/?p=22532"},"modified":"2019-09-19T18:09:17","modified_gmt":"2019-09-19T16:09:17","slug":"carmagnola-il-salsasio-calcio-riparte-con-il-nuovo-organigramma","status":"publish","type":"post","link":"https:\/\/www.ilmercoledi.news\/2019\/09\/09\/carmagnola-il-salsasio-calcio-riparte-con-il-nuovo-organigramma\/","title":{"rendered":"CARMAGNOLA &#8211; Il Salsasio calcio riparte con il nuovo organigramma"},"content":{"rendered":"<p>Inizia la stagione sportiva 2019\/2020 e l&#8217;Usd Salsasio del Presidente Giuseppe Quattrocchio,L che presenta quest&#8217;anno moltissime e grandi novit\u00e0 ha confermato e rinnovato le deleghe dell&#8217;organigramma e degli staff tecnici.<\/p>\n<p>Partendo dall&#8217;organigramma generale, quest&#8217;anno il Salsasio ha diviso in sezioni le varie mansioni gestionali della societ\u00e0 sportiva al fine di ottenere una sempre pi\u00f9 precisa e ben organizzata gestione delle attivit\u00e0 e degli eventi.<\/p>\n<p>Il Vicepresidente Francesco Desogus continua a seguire la prima squadra che milita nel campionato di seconda categoria e la squadra dei ragazzi autistici e disabili.<\/p>\n<p>L&#8217;ufficio amministrativo e contabile continuer\u00e0 ad essere seguito dal Segretario amministrativo Roberto Foco, mentre da quest&#8217;anno sar\u00e0 attivo anche un ufficio partnership che seguir\u00e0 l&#8217;affiliazione con il Genoa Soccer Academy a cui il Salsasio da poco ha stretto un&#8217;affiliazione per il settore calcistico giovanile e femminile. L&#8217;ufficio partnership seguir\u00e0 anche le collaborazioni e sponsorizzazioni. Ivan Quattrocchio ha assunto un nuovo incarico: da quest&#8217;anno sar\u00e0 il responsabile dell&#8217;ufficio relazioni esterne e con la stampa e la promozione della societ\u00e0 con relativa organizzazione degli eventi di promozione. La segreteria del centro sportivo aperta il marted\u00ec e venerd\u00ec dalle 17,30 alle 19,30 sar\u00e0 seguita da Stefania Marguglio che \u00e8 anche responsabile dei tesseramenti. Ivano Ruatta \u00e8 responsabile delle attrezzature e dei sistemi informatici.<\/p>\n<p>Analizzando in particolare lo staff tecnico della prima squadra ci sono molte novit\u00e0. Gianni Pisano \u00e8 stato nominato Direttore Sportivo, mentre il nuovo tecnico della prima squadra \u00e8 Franco Vitale. Pier Frea \u00e8 il massaggiatore dei rossoneri, mentre Vincenzo Parrello che \u00e8 anche membro del Consiglio Direttivo \u00e8 il magazziniere della prima squadra.<\/p>\n<p>Passando al settore giovanile del centro calcistico di base affiliato al Genoa Soccer Academy \u00e8 stato nominato direttore generale del settore giovanile Gianfranco Rovera che si occuper\u00e0 dell&#8217;organizzazione e dei rapporti tra Direttivo, staff tecnici e genitori. Il consigliere del Direttivo Giovanni Zaccaria \u00e8 stato confermato Responsabile del settore giovanile e dei Tornei.<\/p>\n<p>Serena Giacosa, gi\u00e0 da tempo attiva nel Salsasio \u00e8 la responsabile dell&#8217;abbigliamento e dei kit.<\/p>\n<p>Partendo dalla squadra dei pi\u00f9 piccoli degli anni 2012\/13\/14 ad affiancare il direttore generale Rovera saranno Giuseppe Di Benedetto, Walter Cabras e Claudio Cavagnero con l&#8217;aiuto della dirigente Pina Cambareri conosciuta ed amata dai bambini come &#8220;Nonna Pina&#8221;, mentre Manuel Bastiancig \u00e8 l&#8217;allenatore dei portieri pi\u00f9 piccoli. I Pulcini del 2010\/11 saranno guidati da Mario Aliberti e Giampiero Falcone con l&#8217;aiuto di Fabio Riondino e dall&#8217;allenatore dei portieri Alessandro Gaido. Zaccaria \u00e8 stato inoltre confermato allenatore della squadra dei Pulcini 2009 che sar\u00e0 affiancato dal Vice Bartolomeo Prato e da Carlo Crivello, con l&#8217;ausilio dei dirigenti Gianni Nappi, Marco Donadio, Marco Musso e Stefano Cambareri. La squadra dei pi\u00f9 grandi del centro calcistico di base, ossia gli Esordienti del 2008 sar\u00e0 guidata quest&#8217;anno dal mister Antonio Ciccia, insieme ai dirigenti Davide Randazzo e Diego Albertino e con l&#8217;allenatore dei portieri Giovanni Licciardo.<\/p>\n<p>Novit\u00e0 anche nella scuola calcio femminile che \u00e8 gi\u00e0 di per s\u00e9 una novit\u00e0 essendo stata appena inaugurata. C&#8217;\u00e8 gi\u00e0 infatti una new entry nello staff tecnico di cui fa parte anche Serena Giacosa, si tratta della giovane Mariagrazia Longo.<\/p>\n<p>Il Salsasio inoltre ha anche il settore tennis che \u00e8 seguito dal carmagnolese Antonello Bosco con i corsi che sono gi\u00e0 partiti e seguiti dalla giovanissima tennista Federica Sema.<\/p>\n<p>Tommaso Bianco \u00e8 stato confermato responsabile della sicurezza e della manutenzione del centro sportivo &#8220;Giorgio Demichelis&#8221; di Salsasio.<\/p>\n<p>Nei prossimi comunicati verranno presentati pi\u00f9 da vicino i settori, gli uffici ed i numerosi volontari e collaboratori che animano l&#8217;associazione Usd Salsasio e le sue molteplici iniziative.<\/p>\n","protected":false},"excerpt":{"rendered":"","protected":false},"author":11,"featured_media":22533,"comment_status":"open","ping_status":"closed","sticky":false,"template":"","format":"standard","meta":[],"categories":[34],"tags":[],"news-destination":[],"news-source":[],"is_homepage":[],"ta_other":[],"_links":{"self":[{"href":"https:\/\/www.ilmercoledi.news\/ilmercoledi\/news\/wp-json\/wp\/v2\/posts\/22532"}],"collection":[{"href":"https:\/\/www.ilmercoledi.news\/ilmercoledi\/news\/wp-json\/wp\/v2\/posts"}],"about":[{"href":"https:\/\/www.ilmercoledi.news\/ilmercoledi\/news\/wp-json\/wp\/v2\/types\/post"}],"author":[{"embeddable":true,"href":"https:\/\/www.ilmercoledi.news\/ilmercoledi\/news\/wp-json\/wp\/v2\/users\/11"}],"replies":[{"embeddable":true,"href":"https:\/\/www.ilmercoledi.news\/ilmercoledi\/news\/wp-json\/wp\/v2\/comments?post=22532"}],"version-history":[{"count":1,"href":"https:\/\/www.ilmercoledi.news\/ilmercoledi\/news\/wp-json\/wp\/v2\/posts\/22532\/revisions"}],"predecessor-version":[{"id":22534,"href":"https:\/\/www.ilmercoledi.news\/ilmercoledi\/news\/wp-json\/wp\/v2\/posts\/22532\/revisions\/22534"}],"wp:featuredmedia":[{"embeddable":true,"href":"https:\/\/www.ilmercoledi.news\/ilmercoledi\/news\/wp-json\/wp\/v2\/media\/22533"}],"wp:attachment":[{"href":"https:\/\/www.ilmercoledi.news\/ilmercoledi\/news\/wp-json\/wp\/v2\/media?parent=22532"}],"wp:term":[{"taxonomy":"category","embeddable":true,"href":"https:\/\/www.ilmercoledi.news\/ilmercoledi\/news\/wp-json\/wp\/v2\/categories?post=22532"},{"taxonomy":"post_tag","embeddable":true,"href":"https:\/\/www.ilmercoledi.news\/ilmercoledi\/news\/wp-json\/wp\/v2\/tags?post=22532"},{"taxonomy":"news-destination","embeddable":true,"href":"https:\/\/www.ilmercoledi.news\/ilmercoledi\/news\/wp-json\/wp\/v2\/news-destination?post=22532"},{"taxonomy":"news-source","embeddable":true,"href":"https:\/\/www.ilmercoledi.news\/ilmercoledi\/news\/wp-json\/wp\/v2\/news-source?post=22532"},{"taxonomy":"is_homepage","embeddable":true,"href":"https:\/\/www.ilmercoledi.news\/ilmercoledi\/news\/wp-json\/wp\/v2\/is_homepage?post=22532"},{"taxonomy":"ta_other","embeddable":true,"href":"https:\/\/www.ilmercoledi.news\/ilmercoledi\/news\/wp-json\/wp\/v2\/ta_other?post=22532"}],"curies":[{"name":"wp","href":"https:\/\/api.w.org\/{rel}","templated":true}]}}