{"id":22608,"date":"2019-09-10T16:06:35","date_gmt":"2019-09-10T14:06:35","guid":{"rendered":"http:\/\/euwps02.tecnavia.com\/ilmercoledi\/news\/?p=22608"},"modified":"2019-09-19T18:15:47","modified_gmt":"2019-09-19T16:15:47","slug":"viabilita-a-torino-chiuso-il-sottopassaggio-di-corso-massimo-dalle-21-di-mercoledi","status":"publish","type":"post","link":"https:\/\/www.ilmercoledi.news\/2019\/09\/10\/viabilita-a-torino-chiuso-il-sottopassaggio-di-corso-massimo-dalle-21-di-mercoledi\/","title":{"rendered":"VIABILITA&#8217; &#8211; A Torino chiuso il sottopassaggio di corso Massimo dalle 21 di mercoled\u00ec"},"content":{"rendered":"<p>Il sottopasso Lanza di corso Massimo d\u2019Azeglio rester\u00e0 chiuso al traffico dalle ore 21.00 di domani, mercoled\u00ec 11 settembre, fino alle ore 6.00 di gioved\u00ec 12 settembre per consentire le riprese di una serie televisiva. A comunicarlo \u00e8 stato il Comune, attraverso una nota in cui ha invitato gli automobilisti a percorrere altre strade per non incorrere nello stop alla circolazione in quel punto.<\/p>\n","protected":false},"excerpt":{"rendered":"","protected":false},"author":11,"featured_media":8381,"comment_status":"open","ping_status":"closed","sticky":false,"template":"","format":"standard","meta":[],"categories":[34],"tags":[],"news-destination":[],"news-source":[],"is_homepage":[],"ta_other":[],"_links":{"self":[{"href":"https:\/\/www.ilmercoledi.news\/ilmercoledi\/news\/wp-json\/wp\/v2\/posts\/22608"}],"collection":[{"href":"https:\/\/www.ilmercoledi.news\/ilmercoledi\/news\/wp-json\/wp\/v2\/posts"}],"about":[{"href":"https:\/\/www.ilmercoledi.news\/ilmercoledi\/news\/wp-json\/wp\/v2\/types\/post"}],"author":[{"embeddable":true,"href":"https:\/\/www.ilmercoledi.news\/ilmercoledi\/news\/wp-json\/wp\/v2\/users\/11"}],"replies":[{"embeddable":true,"href":"https:\/\/www.ilmercoledi.news\/ilmercoledi\/news\/wp-json\/wp\/v2\/comments?post=22608"}],"version-history":[{"count":1,"href":"https:\/\/www.ilmercoledi.news\/ilmercoledi\/news\/wp-json\/wp\/v2\/posts\/22608\/revisions"}],"predecessor-version":[{"id":22609,"href":"https:\/\/www.ilmercoledi.news\/ilmercoledi\/news\/wp-json\/wp\/v2\/posts\/22608\/revisions\/22609"}],"wp:featuredmedia":[{"embeddable":true,"href":"https:\/\/www.ilmercoledi.news\/ilmercoledi\/news\/wp-json\/wp\/v2\/media\/8381"}],"wp:attachment":[{"href":"https:\/\/www.ilmercoledi.news\/ilmercoledi\/news\/wp-json\/wp\/v2\/media?parent=22608"}],"wp:term":[{"taxonomy":"category","embeddable":true,"href":"https:\/\/www.ilmercoledi.news\/ilmercoledi\/news\/wp-json\/wp\/v2\/categories?post=22608"},{"taxonomy":"post_tag","embeddable":true,"href":"https:\/\/www.ilmercoledi.news\/ilmercoledi\/news\/wp-json\/wp\/v2\/tags?post=22608"},{"taxonomy":"news-destination","embeddable":true,"href":"https:\/\/www.ilmercoledi.news\/ilmercoledi\/news\/wp-json\/wp\/v2\/news-destination?post=22608"},{"taxonomy":"news-source","embeddable":true,"href":"https:\/\/www.ilmercoledi.news\/ilmercoledi\/news\/wp-json\/wp\/v2\/news-source?post=22608"},{"taxonomy":"is_homepage","embeddable":true,"href":"https:\/\/www.ilmercoledi.news\/ilmercoledi\/news\/wp-json\/wp\/v2\/is_homepage?post=22608"},{"taxonomy":"ta_other","embeddable":true,"href":"https:\/\/www.ilmercoledi.news\/ilmercoledi\/news\/wp-json\/wp\/v2\/ta_other?post=22608"}],"curies":[{"name":"wp","href":"https:\/\/api.w.org\/{rel}","templated":true}]}}